{"id":11202,"date":"2024-04-30T14:38:14","date_gmt":"2024-04-30T19:38:14","guid":{"rendered":"https:\/\/sextante.ucatolicaluisamigo.edu.co\/?p=11202"},"modified":"2025-01-23T11:01:15","modified_gmt":"2025-01-23T16:01:15","slug":"la-triada-del-cine-del-centro-de-medellin","status":"publish","type":"post","link":"https:\/\/sextante.ucatolicaluisamigo.edu.co\/?p=11202","title":{"rendered":"La tr\u00edada del cine en el centro de Medell\u00edn"},"content":{"rendered":"\t\t<div data-elementor-type=\"wp-post\" data-elementor-id=\"11202\" class=\"elementor elementor-11202\">\n\t\t\t\t<div class=\"elementor-element elementor-element-5971bc5 e-flex e-con-boxed e-con e-parent\" data-id=\"5971bc5\" data-element_type=\"container\">\n\t\t\t\t\t<div class=\"e-con-inner\">\n\t\t\t\t<div class=\"elementor-element elementor-element-22da1b9 elementor-widget elementor-widget-heading\" data-id=\"22da1b9\" data-element_type=\"widget\" data-widget_type=\"heading.default\">\n\t\t\t\t<div class=\"elementor-widget-container\">\n\t\t\t\t\t<h2 class=\"elementor-heading-title elementor-size-default\">La tr\u00edada del cine en el centro de Medell\u00edn<\/h2>\t\t\t\t<\/div>\n\t\t\t\t<\/div>\n\t\t\t\t\t<\/div>\n\t\t\t\t<\/div>\n\t\t<div class=\"elementor-element elementor-element-1fbbea5 e-flex e-con-boxed e-con e-parent\" data-id=\"1fbbea5\" data-element_type=\"container\">\n\t\t\t\t\t<div class=\"e-con-inner\">\n\t\t\t\t<div class=\"elementor-element elementor-element-0e8dfd6 elementor-widget elementor-widget-text-editor\" data-id=\"0e8dfd6\" data-element_type=\"widget\" data-widget_type=\"text-editor.default\">\n\t\t\t\t<div class=\"elementor-widget-container\">\n\t\t\t\t\t\t\t\t\t<p><em>30 de abril de 2024<\/em><\/p>\t\t\t\t\t\t\t\t<\/div>\n\t\t\t\t<\/div>\n\t\t\t\t\t<\/div>\n\t\t\t\t<\/div>\n\t\t<div class=\"elementor-element elementor-element-06d9dc2 e-flex e-con-boxed e-con e-parent\" data-id=\"06d9dc2\" data-element_type=\"container\">\n\t\t\t\t\t<div class=\"e-con-inner\">\n\t\t\t\t<div class=\"elementor-element elementor-element-1a746c2 elementor-widget elementor-widget-text-editor\" data-id=\"1a746c2\" data-element_type=\"widget\" data-widget_type=\"text-editor.default\">\n\t\t\t\t<div class=\"elementor-widget-container\">\n\t\t\t\t\t\t\t\t\t<p>Por: <em><strong><a href=\"susana.mejiaro@amigo.edu.co\">Susana Mej\u00eda Rodr\u00edguez<\/a><\/strong><\/em><\/p>\t\t\t\t\t\t\t\t<\/div>\n\t\t\t\t<\/div>\n\t\t\t\t\t<\/div>\n\t\t\t\t<\/div>\n\t\t<div class=\"elementor-element elementor-element-7da72a1 e-flex e-con-boxed e-con e-parent\" data-id=\"7da72a1\" data-element_type=\"container\">\n\t\t\t\t\t<div class=\"e-con-inner\">\n\t\t\t\t<div class=\"elementor-element elementor-element-420f974 elementor-widget elementor-widget-text-editor\" data-id=\"420f974\" data-element_type=\"widget\" data-widget_type=\"text-editor.default\">\n\t\t\t\t<div class=\"elementor-widget-container\">\n\t\t\t\t\t\t\t\t\t<p>En un parque decorado por un estilo arquitect\u00f3nico neocl\u00e1sico, llamado Plazuela San Ignacio, se ocultan tres joyas culturales, gemas escondidas en el bullicio urbano, que esperan con paciencia visitantes que deseen descubrir no solo sus acogedores espacios, sino tambi\u00e9n, la experiencia de vivir el cine de una forma diferente.<\/p>\t\t\t\t\t\t\t\t<\/div>\n\t\t\t\t<\/div>\n\t\t\t\t\t<\/div>\n\t\t\t\t<\/div>\n\t\t<div class=\"elementor-element elementor-element-590b170 e-con-full e-flex e-con e-parent\" data-id=\"590b170\" data-element_type=\"container\">\n\t\t<div class=\"elementor-element elementor-element-3b71004 e-con-full e-flex e-con e-child\" data-id=\"3b71004\" data-element_type=\"container\">\n\t\t\t\t<div class=\"elementor-element elementor-element-941fe24 elementor-widget elementor-widget-text-editor\" data-id=\"941fe24\" data-element_type=\"widget\" data-widget_type=\"text-editor.default\">\n\t\t\t\t<div class=\"elementor-widget-container\">\n\t\t\t\t\t\t\t\t\t<p>No basta sino con prestar un poco de atenci\u00f3n para darse cuenta de que el acceso al arte nunca fue tan f\u00e1cil. Quiz\u00e1 has visto alguno de ellos, o incluso visitado sus alrededores, pero, \u00bfte has adentrado a estos oasis de ciudad donde, al entrar, sientes que atravesaste un v\u00f3rtice en el tiempo? El ruido desaparece, y te encuentras frente a instalaciones que te har\u00e1n preguntarte, \u00bfsigo en el centro o a d\u00f3nde me acabo de transportar?<\/p><p>Ubicado a mitad de trayecto entre las estaciones San Jos\u00e9 y Pabell\u00f3n del Agua, a la derecha de los rieles del tranv\u00eda, se alzan ceibas y palmeras, que alejan el calor de la tarde y te sumergen en una selva c\u00e9ntrica; donde la bienvenida te la dan los vendedores ambulantes, de frutas, minutos a celular, y las famosas obleas antioque\u00f1as. Y aunque pareciera un solo edificio, en realidad son tres, y dos de ellos son los personajes centrales de esta historia.<\/p>\t\t\t\t\t\t\t\t<\/div>\n\t\t\t\t<\/div>\n\t\t\t\t<\/div>\n\t\t<div class=\"elementor-element elementor-element-005960c e-con-full e-flex e-con e-child\" data-id=\"005960c\" data-element_type=\"container\">\n\t\t\t\t<div class=\"elementor-element elementor-element-6168740 elementor-widget elementor-widget-image\" data-id=\"6168740\" data-element_type=\"widget\" data-widget_type=\"image.default\">\n\t\t\t\t<div class=\"elementor-widget-container\">\n\t\t\t\t\t\t\t\t\t\t\t\t\t\t\t<img fetchpriority=\"high\" decoding=\"async\" width=\"424\" height=\"454\" src=\"https:\/\/sextante.ucatolicaluisamigo.edu.co\/wp-content\/uploads\/2024\/04\/Centro-1.png\" class=\"attachment-large size-large wp-image-11206\" alt=\"\" srcset=\"https:\/\/sextante.ucatolicaluisamigo.edu.co\/wp-content\/uploads\/2024\/04\/Centro-1.png 424w, https:\/\/sextante.ucatolicaluisamigo.edu.co\/wp-content\/uploads\/2024\/04\/Centro-1-280x300.png 280w\" sizes=\"(max-width: 424px) 100vw, 424px\" \/>\t\t\t\t\t\t\t\t\t\t\t\t\t\t\t<\/div>\n\t\t\t\t<\/div>\n\t\t\t\t<\/div>\n\t\t\t\t<\/div>\n\t\t<div class=\"elementor-element elementor-element-b7ef151 e-flex e-con-boxed e-con e-parent\" data-id=\"b7ef151\" data-element_type=\"container\">\n\t\t\t\t\t<div class=\"e-con-inner\">\n\t\t\t\t<div class=\"elementor-element elementor-element-6f3d759 elementor-widget elementor-widget-text-editor\" data-id=\"6f3d759\" data-element_type=\"widget\" data-widget_type=\"text-editor.default\">\n\t\t\t\t<div class=\"elementor-widget-container\">\n\t\t\t\t\t\t\t\t\t<p>Lee aqu\u00ed: <em><strong><a href=\"https:\/\/sextante.ucatolicaluisamigo.edu.co\/?p=10602\">La experiencia de vivir el cine en el centro de Medell\u00edn<\/a><\/strong><\/em><\/p>\t\t\t\t\t\t\t\t<\/div>\n\t\t\t\t<\/div>\n\t\t\t\t\t<\/div>\n\t\t\t\t<\/div>\n\t\t<div class=\"elementor-element elementor-element-8d8410f e-flex e-con-boxed e-con e-parent\" data-id=\"8d8410f\" data-element_type=\"container\">\n\t\t\t\t\t<div class=\"e-con-inner\">\n\t\t\t\t<div class=\"elementor-element elementor-element-51344b6 elementor-widget elementor-widget-text-editor\" data-id=\"51344b6\" data-element_type=\"widget\" data-widget_type=\"text-editor.default\">\n\t\t\t\t<div class=\"elementor-widget-container\">\n\t\t\t\t\t\t\t\t\t<p>El primero de ellos es el edificio San Ignacio, declarado Monumento Nacional en 1982, propiedad de la Universidad de Antioquia. Hoy en d\u00eda recibe el nombre de \u201cParaninfo\u201d y es un lugar que adem\u00e1s de servir de sede para la radio cultural de la universidad, tambi\u00e9n posee una variada programaci\u00f3n de cine, adem\u00e1s de contar con \u201cJueves de Cineclub\u201d propicios para la conversaci\u00f3n sobre el s\u00e9ptimo arte.<\/p>\t\t\t\t\t\t\t\t<\/div>\n\t\t\t\t<\/div>\n\t\t\t\t\t<\/div>\n\t\t\t\t<\/div>\n\t\t<div class=\"elementor-element elementor-element-cae58a1 e-flex e-con-boxed e-con e-parent\" data-id=\"cae58a1\" data-element_type=\"container\">\n\t\t\t\t\t<div class=\"e-con-inner\">\n\t\t<div class=\"elementor-element elementor-element-dd9bbc8 e-con-full e-flex e-con e-child\" data-id=\"dd9bbc8\" data-element_type=\"container\">\n\t\t\t\t<div class=\"elementor-element elementor-element-9f079ec elementor-widget elementor-widget-image\" data-id=\"9f079ec\" data-element_type=\"widget\" data-widget_type=\"image.default\">\n\t\t\t\t<div class=\"elementor-widget-container\">\n\t\t\t\t\t\t\t\t\t\t\t\t\t\t\t<img decoding=\"async\" width=\"355\" height=\"472\" src=\"https:\/\/sextante.ucatolicaluisamigo.edu.co\/wp-content\/uploads\/2024\/04\/Centro-2.png\" class=\"attachment-large size-large wp-image-11213\" alt=\"\" srcset=\"https:\/\/sextante.ucatolicaluisamigo.edu.co\/wp-content\/uploads\/2024\/04\/Centro-2.png 355w, https:\/\/sextante.ucatolicaluisamigo.edu.co\/wp-content\/uploads\/2024\/04\/Centro-2-226x300.png 226w\" sizes=\"(max-width: 355px) 100vw, 355px\" \/>\t\t\t\t\t\t\t\t\t\t\t\t\t\t\t<\/div>\n\t\t\t\t<\/div>\n\t\t\t\t<\/div>\n\t\t<div class=\"elementor-element elementor-element-2611786 e-con-full e-flex e-con e-child\" data-id=\"2611786\" data-element_type=\"container\">\n\t\t\t\t<div class=\"elementor-element elementor-element-971373d elementor-widget elementor-widget-image\" data-id=\"971373d\" data-element_type=\"widget\" data-widget_type=\"image.default\">\n\t\t\t\t<div class=\"elementor-widget-container\">\n\t\t\t\t\t\t\t\t\t\t\t\t\t\t\t<img decoding=\"async\" width=\"375\" height=\"454\" src=\"https:\/\/sextante.ucatolicaluisamigo.edu.co\/wp-content\/uploads\/2024\/04\/Centro-3.png\" class=\"attachment-large size-large wp-image-11214\" alt=\"\" srcset=\"https:\/\/sextante.ucatolicaluisamigo.edu.co\/wp-content\/uploads\/2024\/04\/Centro-3.png 375w, https:\/\/sextante.ucatolicaluisamigo.edu.co\/wp-content\/uploads\/2024\/04\/Centro-3-248x300.png 248w\" sizes=\"(max-width: 375px) 100vw, 375px\" \/>\t\t\t\t\t\t\t\t\t\t\t\t\t\t\t<\/div>\n\t\t\t\t<\/div>\n\t\t\t\t<\/div>\n\t\t\t\t\t<\/div>\n\t\t\t\t<\/div>\n\t\t<div class=\"elementor-element elementor-element-0505f02 e-flex e-con-boxed e-con e-parent\" data-id=\"0505f02\" data-element_type=\"container\">\n\t\t\t\t\t<div class=\"e-con-inner\">\n\t\t<div class=\"elementor-element elementor-element-472d8ec e-con-full e-flex e-con e-child\" data-id=\"472d8ec\" data-element_type=\"container\">\n\t\t\t\t<div class=\"elementor-element elementor-element-0829551 elementor-widget elementor-widget-text-editor\" data-id=\"0829551\" data-element_type=\"widget\" data-widget_type=\"text-editor.default\">\n\t\t\t\t<div class=\"elementor-widget-container\">\n\t\t\t\t\t\t\t\t\t<p>Al salir de este emblem\u00e1tico edificio y caminar en l\u00ednea recta, se cruza la iglesia San Jos\u00e9; y contigua a esta, a pocos pasos de distancia, otro teatro emerge como un refugio para los cin\u00e9filos \u00e1vidos de nuevas experiencias visuales.<\/p><p>El pr\u00f3ximo sitio que nos abre sus puertas desde 1800, ideado para cumplir la funci\u00f3n de colegio y convento, es El Claustro de Comfama. Actualmente es un Patrimonio invaluable, donde se celebran festivales, obras de teatro y como no, el cine se ha convertido en parte fundamental de la agenda cultural de este lugar.<\/p>\t\t\t\t\t\t\t\t<\/div>\n\t\t\t\t<\/div>\n\t\t\t\t<\/div>\n\t\t<div class=\"elementor-element elementor-element-00e8568 e-con-full e-flex e-con e-child\" data-id=\"00e8568\" data-element_type=\"container\">\n\t\t<div class=\"elementor-element elementor-element-2a9878d e-flex e-con-boxed e-con e-child\" data-id=\"2a9878d\" data-element_type=\"container\">\n\t\t\t\t\t<div class=\"e-con-inner\">\n\t\t\t\t<div class=\"elementor-element elementor-element-588215a elementor-widget elementor-widget-image\" data-id=\"588215a\" data-element_type=\"widget\" data-widget_type=\"image.default\">\n\t\t\t\t<div class=\"elementor-widget-container\">\n\t\t\t\t\t\t\t\t\t\t\t\t\t\t\t<img loading=\"lazy\" decoding=\"async\" width=\"277\" height=\"300\" src=\"https:\/\/sextante.ucatolicaluisamigo.edu.co\/wp-content\/uploads\/2024\/04\/Centro-4-277x300.png\" class=\"attachment-medium size-medium wp-image-11218\" alt=\"\" srcset=\"https:\/\/sextante.ucatolicaluisamigo.edu.co\/wp-content\/uploads\/2024\/04\/Centro-4-277x300.png 277w, https:\/\/sextante.ucatolicaluisamigo.edu.co\/wp-content\/uploads\/2024\/04\/Centro-4.png 357w\" sizes=\"(max-width: 277px) 100vw, 277px\" \/>\t\t\t\t\t\t\t\t\t\t\t\t\t\t\t<\/div>\n\t\t\t\t<\/div>\n\t\t\t\t\t<\/div>\n\t\t\t\t<\/div>\n\t\t\t\t<\/div>\n\t\t\t\t\t<\/div>\n\t\t\t\t<\/div>\n\t\t<div class=\"elementor-element elementor-element-ebabd06 e-flex e-con-boxed e-con e-parent\" data-id=\"ebabd06\" data-element_type=\"container\">\n\t\t\t\t\t<div class=\"e-con-inner\">\n\t\t\t\t<div class=\"elementor-element elementor-element-5f861fb elementor-widget elementor-widget-text-editor\" data-id=\"5f861fb\" data-element_type=\"widget\" data-widget_type=\"text-editor.default\">\n\t\t\t\t<div class=\"elementor-widget-container\">\n\t\t\t\t\t\t\t\t\t<p>Descubre m\u00e1s sobre cine: <em><strong><a href=\"https:\/\/sextante.ucatolicaluisamigo.edu.co\/?p=10190\">Oppenheimer deton\u00f3 los Premios \u00d3scar 2024<\/a><\/strong><\/em><\/p>\t\t\t\t\t\t\t\t<\/div>\n\t\t\t\t<\/div>\n\t\t\t\t\t<\/div>\n\t\t\t\t<\/div>\n\t\t<div class=\"elementor-element elementor-element-d8dd41e e-flex e-con-boxed e-con e-parent\" data-id=\"d8dd41e\" data-element_type=\"container\">\n\t\t\t\t\t<div class=\"e-con-inner\">\n\t\t\t\t<div class=\"elementor-element elementor-element-fbc214c elementor-widget elementor-widget-text-editor\" data-id=\"fbc214c\" data-element_type=\"widget\" data-widget_type=\"text-editor.default\">\n\t\t\t\t<div class=\"elementor-widget-container\">\n\t\t\t\t\t\t\t\t\t<p>Tambi\u00e9n cuenta con un peque\u00f1o museo el cual se enfoca en narrar la experiencia de estar en constantes cambios a nivel de infraestructura.<\/p>\t\t\t\t\t\t\t\t<\/div>\n\t\t\t\t<\/div>\n\t\t\t\t\t<\/div>\n\t\t\t\t<\/div>\n\t\t<div class=\"elementor-element elementor-element-596a4ae e-flex e-con-boxed e-con e-parent\" data-id=\"596a4ae\" data-element_type=\"container\">\n\t\t\t\t\t<div class=\"e-con-inner\">\n\t\t<div class=\"elementor-element elementor-element-8f28680 e-con-full e-flex e-con e-child\" data-id=\"8f28680\" data-element_type=\"container\">\n\t\t\t\t<div class=\"elementor-element elementor-element-561b018 elementor-widget elementor-widget-image\" data-id=\"561b018\" data-element_type=\"widget\" data-widget_type=\"image.default\">\n\t\t\t\t<div class=\"elementor-widget-container\">\n\t\t\t\t\t\t\t\t\t\t\t\t\t\t\t<img loading=\"lazy\" decoding=\"async\" width=\"323\" height=\"433\" src=\"https:\/\/sextante.ucatolicaluisamigo.edu.co\/wp-content\/uploads\/2024\/04\/Centro-5.png\" class=\"attachment-large size-large wp-image-11219\" alt=\"\" srcset=\"https:\/\/sextante.ucatolicaluisamigo.edu.co\/wp-content\/uploads\/2024\/04\/Centro-5.png 323w, https:\/\/sextante.ucatolicaluisamigo.edu.co\/wp-content\/uploads\/2024\/04\/Centro-5-224x300.png 224w\" sizes=\"(max-width: 323px) 100vw, 323px\" \/>\t\t\t\t\t\t\t\t\t\t\t\t\t\t\t<\/div>\n\t\t\t\t<\/div>\n\t\t\t\t<\/div>\n\t\t<div class=\"elementor-element elementor-element-1c67139 e-con-full e-flex e-con e-child\" data-id=\"1c67139\" data-element_type=\"container\">\n\t\t\t\t<div class=\"elementor-element elementor-element-5a62321 elementor-widget elementor-widget-text-editor\" data-id=\"5a62321\" data-element_type=\"widget\" data-widget_type=\"text-editor.default\">\n\t\t\t\t<div class=\"elementor-widget-container\">\n\t\t\t\t\t\t\t\t\t<h4>\u00bfY c\u00f3mo acceder al cine?<\/h4><p>Subiendo al segundo piso y tomando la izquierda, al fondo del pasillo, espera una sala de cine que mes a mes ofrece pel\u00edculas; si bien no son gratuitas, poseen tarifas muy asequibles.<\/p><p>Adem\u00e1s, el lugar permite una grata espera en el caf\u00e9 \u201cEl bohemio de clausura\u201d, con una hermosa vista a nuestro pr\u00f3ximo destino, que con tan solo cruzar la calle nos permite encontrar el pr\u00f3ximo cine.<\/p><p>En el Teatro Alfonso Restrepo Moreno, la sala tiene capacidad para 289 personas, donde la experiencia del cine, si bien no incluye crispetas s\u00ed se puede acceder a un variado men\u00fa de reposter\u00eda, que ofrece otra sede del nombrado caf\u00e9 \u201cEl bohemio en clausura\u201d, adem\u00e1s de ser un hermoso lugar para divisar la ciudad desde arriba, pues el caf\u00e9 se extiende hasta una terraza que cubierta por \u00e1rboles a su alrededor, te hacen \u201cama\u00f1ar\u201d en el centro de Medell\u00edn.\u00a0<\/p><p>Quiz\u00e1s sea el momento para apropiarnos de estos espacios en los que el cine y el arte se apoderan de la esencia de nuestra ciudad.<\/p>\t\t\t\t\t\t\t\t<\/div>\n\t\t\t\t<\/div>\n\t\t\t\t<\/div>\n\t\t\t\t\t<\/div>\n\t\t\t\t<\/div>\n\t\t\t\t<\/div>\n\t\t","protected":false},"excerpt":{"rendered":"<p>La tr\u00edada del cine en el centro de Medell\u00edn 30 de abril de 2024 Por: Susana Mej\u00eda Rodr\u00edguez En un parque decorado por un estilo arquitect\u00f3nico neocl\u00e1sico, llamado Plazuela San Ignacio, se ocultan tres joyas culturales, gemas escondidas en el bullicio urbano, que esperan con paciencia visitantes que deseen descubrir no solo sus acogedores espacios,&#8230;<\/p>\n","protected":false},"author":4,"featured_media":11206,"comment_status":"open","ping_status":"closed","sticky":true,"template":"","format":"standard","meta":{"footnotes":""},"categories":[751],"tags":[],"class_list":["post-11202","post","type-post","status-publish","format-standard","has-post-thumbnail","hentry","category-cultura"],"yoast_head":"<!-- This site is optimized with the Yoast SEO plugin v26.4 - https:\/\/yoast.com\/wordpress\/plugins\/seo\/ -->\n<title>La tr\u00edada del cine en el centro de Medell\u00edn - Sextante Digital<\/title>\n<meta name=\"robots\" content=\"index, follow, max-snippet:-1, max-image-preview:large, max-video-preview:-1\" \/>\n<link rel=\"canonical\" href=\"https:\/\/sextante.ucatolicaluisamigo.edu.co\/?p=11202\" \/>\n<meta property=\"og:locale\" content=\"es_ES\" \/>\n<meta property=\"og:type\" content=\"article\" \/>\n<meta property=\"og:title\" content=\"La tr\u00edada del cine en el centro de Medell\u00edn - Sextante Digital\" \/>\n<meta property=\"og:description\" content=\"La tr\u00edada del cine en el centro de Medell\u00edn 30 de abril de 2024 Por: Susana Mej\u00eda Rodr\u00edguez En un parque decorado por un estilo arquitect\u00f3nico neocl\u00e1sico, llamado Plazuela San Ignacio, se ocultan tres joyas culturales, gemas escondidas en el bullicio urbano, que esperan con paciencia visitantes que deseen descubrir no solo sus acogedores espacios,...\" \/>\n<meta property=\"og:url\" content=\"https:\/\/sextante.ucatolicaluisamigo.edu.co\/?p=11202\" \/>\n<meta property=\"og:site_name\" content=\"Sextante Digital\" \/>\n<meta property=\"article:published_time\" content=\"2024-04-30T19:38:14+00:00\" \/>\n<meta property=\"article:modified_time\" content=\"2025-01-23T16:01:15+00:00\" \/>\n<meta property=\"og:image\" content=\"https:\/\/sextante.ucatolicaluisamigo.edu.co\/wp-content\/uploads\/2024\/04\/Centro-1.png\" \/>\n\t<meta property=\"og:image:width\" content=\"424\" \/>\n\t<meta property=\"og:image:height\" content=\"454\" \/>\n\t<meta property=\"og:image:type\" content=\"image\/png\" \/>\n<meta name=\"author\" content=\"p.sextante\" \/>\n<meta name=\"twitter:card\" content=\"summary_large_image\" \/>\n<meta name=\"twitter:label1\" content=\"Escrito por\" \/>\n\t<meta name=\"twitter:data1\" content=\"p.sextante\" \/>\n\t<meta name=\"twitter:label2\" content=\"Tiempo de lectura\" \/>\n\t<meta name=\"twitter:data2\" content=\"3 minutos\" \/>\n<script type=\"application\/ld+json\" class=\"yoast-schema-graph\">{\"@context\":\"https:\/\/schema.org\",\"@graph\":[{\"@type\":\"Article\",\"@id\":\"https:\/\/sextante.ucatolicaluisamigo.edu.co\/?p=11202#article\",\"isPartOf\":{\"@id\":\"https:\/\/sextante.ucatolicaluisamigo.edu.co\/?p=11202\"},\"author\":{\"name\":\"p.sextante\",\"@id\":\"https:\/\/sextante.ucatolicaluisamigo.edu.co\/#\/schema\/person\/5e85d03ab615e04ad1faf39d51f037a1\"},\"headline\":\"La tr\u00edada del cine en el centro de Medell\u00edn\",\"datePublished\":\"2024-04-30T19:38:14+00:00\",\"dateModified\":\"2025-01-23T16:01:15+00:00\",\"mainEntityOfPage\":{\"@id\":\"https:\/\/sextante.ucatolicaluisamigo.edu.co\/?p=11202\"},\"wordCount\":655,\"commentCount\":0,\"publisher\":{\"@id\":\"https:\/\/sextante.ucatolicaluisamigo.edu.co\/#organization\"},\"image\":{\"@id\":\"https:\/\/sextante.ucatolicaluisamigo.edu.co\/?p=11202#primaryimage\"},\"thumbnailUrl\":\"https:\/\/sextante.ucatolicaluisamigo.edu.co\/wp-content\/uploads\/2024\/04\/Centro-1.png\",\"articleSection\":[\"Cultura\"],\"inLanguage\":\"es-CO\",\"potentialAction\":[{\"@type\":\"CommentAction\",\"name\":\"Comment\",\"target\":[\"https:\/\/sextante.ucatolicaluisamigo.edu.co\/?p=11202#respond\"]}]},{\"@type\":\"WebPage\",\"@id\":\"https:\/\/sextante.ucatolicaluisamigo.edu.co\/?p=11202\",\"url\":\"https:\/\/sextante.ucatolicaluisamigo.edu.co\/?p=11202\",\"name\":\"La tr\u00edada del cine en el centro de Medell\u00edn - Sextante Digital\",\"isPartOf\":{\"@id\":\"https:\/\/sextante.ucatolicaluisamigo.edu.co\/#website\"},\"primaryImageOfPage\":{\"@id\":\"https:\/\/sextante.ucatolicaluisamigo.edu.co\/?p=11202#primaryimage\"},\"image\":{\"@id\":\"https:\/\/sextante.ucatolicaluisamigo.edu.co\/?p=11202#primaryimage\"},\"thumbnailUrl\":\"https:\/\/sextante.ucatolicaluisamigo.edu.co\/wp-content\/uploads\/2024\/04\/Centro-1.png\",\"datePublished\":\"2024-04-30T19:38:14+00:00\",\"dateModified\":\"2025-01-23T16:01:15+00:00\",\"breadcrumb\":{\"@id\":\"https:\/\/sextante.ucatolicaluisamigo.edu.co\/?p=11202#breadcrumb\"},\"inLanguage\":\"es-CO\",\"potentialAction\":[{\"@type\":\"ReadAction\",\"target\":[\"https:\/\/sextante.ucatolicaluisamigo.edu.co\/?p=11202\"]}]},{\"@type\":\"ImageObject\",\"inLanguage\":\"es-CO\",\"@id\":\"https:\/\/sextante.ucatolicaluisamigo.edu.co\/?p=11202#primaryimage\",\"url\":\"https:\/\/sextante.ucatolicaluisamigo.edu.co\/wp-content\/uploads\/2024\/04\/Centro-1.png\",\"contentUrl\":\"https:\/\/sextante.ucatolicaluisamigo.edu.co\/wp-content\/uploads\/2024\/04\/Centro-1.png\",\"width\":424,\"height\":454},{\"@type\":\"BreadcrumbList\",\"@id\":\"https:\/\/sextante.ucatolicaluisamigo.edu.co\/?p=11202#breadcrumb\",\"itemListElement\":[{\"@type\":\"ListItem\",\"position\":1,\"name\":\"Inicio\",\"item\":\"https:\/\/sextante.ucatolicaluisamigo.edu.co\/\"},{\"@type\":\"ListItem\",\"position\":2,\"name\":\"La tr\u00edada del cine en el centro de Medell\u00edn\"}]},{\"@type\":\"WebSite\",\"@id\":\"https:\/\/sextante.ucatolicaluisamigo.edu.co\/#website\",\"url\":\"https:\/\/sextante.ucatolicaluisamigo.edu.co\/\",\"name\":\"Sextante Digital\",\"description\":\"ISSN: en tr\u00e1mite\",\"publisher\":{\"@id\":\"https:\/\/sextante.ucatolicaluisamigo.edu.co\/#organization\"},\"potentialAction\":[{\"@type\":\"SearchAction\",\"target\":{\"@type\":\"EntryPoint\",\"urlTemplate\":\"https:\/\/sextante.ucatolicaluisamigo.edu.co\/?s={search_term_string}\"},\"query-input\":{\"@type\":\"PropertyValueSpecification\",\"valueRequired\":true,\"valueName\":\"search_term_string\"}}],\"inLanguage\":\"es-CO\"},{\"@type\":\"Organization\",\"@id\":\"https:\/\/sextante.ucatolicaluisamigo.edu.co\/#organization\",\"name\":\"Sextante Digital\",\"url\":\"https:\/\/sextante.ucatolicaluisamigo.edu.co\/\",\"logo\":{\"@type\":\"ImageObject\",\"inLanguage\":\"es-CO\",\"@id\":\"https:\/\/sextante.ucatolicaluisamigo.edu.co\/#\/schema\/logo\/image\/\",\"url\":\"\",\"contentUrl\":\"\",\"caption\":\"Sextante Digital\"},\"image\":{\"@id\":\"https:\/\/sextante.ucatolicaluisamigo.edu.co\/#\/schema\/logo\/image\/\"}},{\"@type\":\"Person\",\"@id\":\"https:\/\/sextante.ucatolicaluisamigo.edu.co\/#\/schema\/person\/5e85d03ab615e04ad1faf39d51f037a1\",\"name\":\"p.sextante\",\"url\":\"https:\/\/sextante.ucatolicaluisamigo.edu.co\/?author=4\"}]}<\/script>\n<!-- \/ Yoast SEO plugin. -->","yoast_head_json":{"title":"La tr\u00edada del cine en el centro de Medell\u00edn - Sextante Digital","robots":{"index":"index","follow":"follow","max-snippet":"max-snippet:-1","max-image-preview":"max-image-preview:large","max-video-preview":"max-video-preview:-1"},"canonical":"https:\/\/sextante.ucatolicaluisamigo.edu.co\/?p=11202","og_locale":"es_ES","og_type":"article","og_title":"La tr\u00edada del cine en el centro de Medell\u00edn - Sextante Digital","og_description":"La tr\u00edada del cine en el centro de Medell\u00edn 30 de abril de 2024 Por: Susana Mej\u00eda Rodr\u00edguez En un parque decorado por un estilo arquitect\u00f3nico neocl\u00e1sico, llamado Plazuela San Ignacio, se ocultan tres joyas culturales, gemas escondidas en el bullicio urbano, que esperan con paciencia visitantes que deseen descubrir no solo sus acogedores espacios,...","og_url":"https:\/\/sextante.ucatolicaluisamigo.edu.co\/?p=11202","og_site_name":"Sextante Digital","article_published_time":"2024-04-30T19:38:14+00:00","article_modified_time":"2025-01-23T16:01:15+00:00","og_image":[{"width":424,"height":454,"url":"https:\/\/sextante.ucatolicaluisamigo.edu.co\/wp-content\/uploads\/2024\/04\/Centro-1.png","type":"image\/png"}],"author":"p.sextante","twitter_card":"summary_large_image","twitter_misc":{"Escrito por":"p.sextante","Tiempo de lectura":"3 minutos"},"schema":{"@context":"https:\/\/schema.org","@graph":[{"@type":"Article","@id":"https:\/\/sextante.ucatolicaluisamigo.edu.co\/?p=11202#article","isPartOf":{"@id":"https:\/\/sextante.ucatolicaluisamigo.edu.co\/?p=11202"},"author":{"name":"p.sextante","@id":"https:\/\/sextante.ucatolicaluisamigo.edu.co\/#\/schema\/person\/5e85d03ab615e04ad1faf39d51f037a1"},"headline":"La tr\u00edada del cine en el centro de Medell\u00edn","datePublished":"2024-04-30T19:38:14+00:00","dateModified":"2025-01-23T16:01:15+00:00","mainEntityOfPage":{"@id":"https:\/\/sextante.ucatolicaluisamigo.edu.co\/?p=11202"},"wordCount":655,"commentCount":0,"publisher":{"@id":"https:\/\/sextante.ucatolicaluisamigo.edu.co\/#organization"},"image":{"@id":"https:\/\/sextante.ucatolicaluisamigo.edu.co\/?p=11202#primaryimage"},"thumbnailUrl":"https:\/\/sextante.ucatolicaluisamigo.edu.co\/wp-content\/uploads\/2024\/04\/Centro-1.png","articleSection":["Cultura"],"inLanguage":"es-CO","potentialAction":[{"@type":"CommentAction","name":"Comment","target":["https:\/\/sextante.ucatolicaluisamigo.edu.co\/?p=11202#respond"]}]},{"@type":"WebPage","@id":"https:\/\/sextante.ucatolicaluisamigo.edu.co\/?p=11202","url":"https:\/\/sextante.ucatolicaluisamigo.edu.co\/?p=11202","name":"La tr\u00edada del cine en el centro de Medell\u00edn - Sextante Digital","isPartOf":{"@id":"https:\/\/sextante.ucatolicaluisamigo.edu.co\/#website"},"primaryImageOfPage":{"@id":"https:\/\/sextante.ucatolicaluisamigo.edu.co\/?p=11202#primaryimage"},"image":{"@id":"https:\/\/sextante.ucatolicaluisamigo.edu.co\/?p=11202#primaryimage"},"thumbnailUrl":"https:\/\/sextante.ucatolicaluisamigo.edu.co\/wp-content\/uploads\/2024\/04\/Centro-1.png","datePublished":"2024-04-30T19:38:14+00:00","dateModified":"2025-01-23T16:01:15+00:00","breadcrumb":{"@id":"https:\/\/sextante.ucatolicaluisamigo.edu.co\/?p=11202#breadcrumb"},"inLanguage":"es-CO","potentialAction":[{"@type":"ReadAction","target":["https:\/\/sextante.ucatolicaluisamigo.edu.co\/?p=11202"]}]},{"@type":"ImageObject","inLanguage":"es-CO","@id":"https:\/\/sextante.ucatolicaluisamigo.edu.co\/?p=11202#primaryimage","url":"https:\/\/sextante.ucatolicaluisamigo.edu.co\/wp-content\/uploads\/2024\/04\/Centro-1.png","contentUrl":"https:\/\/sextante.ucatolicaluisamigo.edu.co\/wp-content\/uploads\/2024\/04\/Centro-1.png","width":424,"height":454},{"@type":"BreadcrumbList","@id":"https:\/\/sextante.ucatolicaluisamigo.edu.co\/?p=11202#breadcrumb","itemListElement":[{"@type":"ListItem","position":1,"name":"Inicio","item":"https:\/\/sextante.ucatolicaluisamigo.edu.co\/"},{"@type":"ListItem","position":2,"name":"La tr\u00edada del cine en el centro de Medell\u00edn"}]},{"@type":"WebSite","@id":"https:\/\/sextante.ucatolicaluisamigo.edu.co\/#website","url":"https:\/\/sextante.ucatolicaluisamigo.edu.co\/","name":"Sextante Digital","description":"ISSN: en tr\u00e1mite","publisher":{"@id":"https:\/\/sextante.ucatolicaluisamigo.edu.co\/#organization"},"potentialAction":[{"@type":"SearchAction","target":{"@type":"EntryPoint","urlTemplate":"https:\/\/sextante.ucatolicaluisamigo.edu.co\/?s={search_term_string}"},"query-input":{"@type":"PropertyValueSpecification","valueRequired":true,"valueName":"search_term_string"}}],"inLanguage":"es-CO"},{"@type":"Organization","@id":"https:\/\/sextante.ucatolicaluisamigo.edu.co\/#organization","name":"Sextante Digital","url":"https:\/\/sextante.ucatolicaluisamigo.edu.co\/","logo":{"@type":"ImageObject","inLanguage":"es-CO","@id":"https:\/\/sextante.ucatolicaluisamigo.edu.co\/#\/schema\/logo\/image\/","url":"","contentUrl":"","caption":"Sextante Digital"},"image":{"@id":"https:\/\/sextante.ucatolicaluisamigo.edu.co\/#\/schema\/logo\/image\/"}},{"@type":"Person","@id":"https:\/\/sextante.ucatolicaluisamigo.edu.co\/#\/schema\/person\/5e85d03ab615e04ad1faf39d51f037a1","name":"p.sextante","url":"https:\/\/sextante.ucatolicaluisamigo.edu.co\/?author=4"}]}},"_links":{"self":[{"href":"https:\/\/sextante.ucatolicaluisamigo.edu.co\/index.php?rest_route=\/wp\/v2\/posts\/11202","targetHints":{"allow":["GET"]}}],"collection":[{"href":"https:\/\/sextante.ucatolicaluisamigo.edu.co\/index.php?rest_route=\/wp\/v2\/posts"}],"about":[{"href":"https:\/\/sextante.ucatolicaluisamigo.edu.co\/index.php?rest_route=\/wp\/v2\/types\/post"}],"author":[{"embeddable":true,"href":"https:\/\/sextante.ucatolicaluisamigo.edu.co\/index.php?rest_route=\/wp\/v2\/users\/4"}],"replies":[{"embeddable":true,"href":"https:\/\/sextante.ucatolicaluisamigo.edu.co\/index.php?rest_route=%2Fwp%2Fv2%2Fcomments&post=11202"}],"version-history":[{"count":27,"href":"https:\/\/sextante.ucatolicaluisamigo.edu.co\/index.php?rest_route=\/wp\/v2\/posts\/11202\/revisions"}],"predecessor-version":[{"id":18809,"href":"https:\/\/sextante.ucatolicaluisamigo.edu.co\/index.php?rest_route=\/wp\/v2\/posts\/11202\/revisions\/18809"}],"wp:featuredmedia":[{"embeddable":true,"href":"https:\/\/sextante.ucatolicaluisamigo.edu.co\/index.php?rest_route=\/wp\/v2\/media\/11206"}],"wp:attachment":[{"href":"https:\/\/sextante.ucatolicaluisamigo.edu.co\/index.php?rest_route=%2Fwp%2Fv2%2Fmedia&parent=11202"}],"wp:term":[{"taxonomy":"category","embeddable":true,"href":"https:\/\/sextante.ucatolicaluisamigo.edu.co\/index.php?rest_route=%2Fwp%2Fv2%2Fcategories&post=11202"},{"taxonomy":"post_tag","embeddable":true,"href":"https:\/\/sextante.ucatolicaluisamigo.edu.co\/index.php?rest_route=%2Fwp%2Fv2%2Ftags&post=11202"}],"curies":[{"name":"wp","href":"https:\/\/api.w.org\/{rel}","templated":true}]}}