{"id":23232,"date":"2026-03-07T00:23:49","date_gmt":"2026-03-07T05:23:49","guid":{"rendered":"https:\/\/sextante.ucatolicaluisamigo.edu.co\/?p=23232"},"modified":"2026-03-11T10:51:07","modified_gmt":"2026-03-11T15:51:07","slug":"candidatos-antioquenos-incluyen-la-proteccion-animal-en-su-agenda-politica","status":"publish","type":"post","link":"https:\/\/sextante.ucatolicaluisamigo.edu.co\/?p=23232","title":{"rendered":"Candidatos antioque\u00f1os incluyen la protecci\u00f3n animal en su agenda pol\u00edtica"},"content":{"rendered":"\n<h2 class=\"wp-block-heading\">Candidatos antioque\u00f1os incluyen la protecci\u00f3n animal en su agenda pol\u00edtica<\/h2>\n\n\n<div class=\"wp-block-post-date\"><time datetime=\"2026-03-06T18:13:01.676Z\">6 marzo, 2026<\/time><\/div>\n\n\n<p><strong>Por:<\/strong><em><strong> <strong><a href=\"mailto:sara.cespedesga@amigo.edu.co\">Sara C\u00e9spedes<\/a>\u00a0<\/strong><\/strong>y <strong><a href=\"mailto:daniela.herrerame@amigo.edu.co\">Daniela Herrera<\/a> <\/strong><\/em><\/p>\n\n\n\n<p>La&nbsp;<strong>protecci\u00f3n animal<\/strong>&nbsp;ha dejado de ser un tema exclusivo del activismo, de las marchas o de las redes sociales. En las pr\u00f3ximas&nbsp;<strong>elecciones legislativas<\/strong>, la protecci\u00f3n de quienes no tienen voz se traslada a las urnas como factor decisivo para muchos votantes. En Antioquia, algunos candidatos han incorporado en sus propuestas iniciativas para endurecer las sanciones contra el maltrato animal y posicionar su protecci\u00f3n en el centro del debate pol\u00edtico nacional.&nbsp;<\/p>\n\n\n\n<p>Para la apuesta a<strong> C\u00e1mara de Representantes <\/strong>se encuentra V\u00edctor Javier Correa V\u00e9lez, quien centra su propuesta en <strong>la necesidad de fortalecer las leyes contra el maltrato animal y avanzar hacia pol\u00edticas p\u00fablicas m\u00e1s estrictas.<\/strong> Correa busca abrir el debate sobre el manejo de la fauna callejera, promoviendo una transformaci\u00f3n cultural y jur\u00eddica respaldada por un seguimiento institucional y una mayor financiaci\u00f3n.<\/p>\n\n\n\n<figure class=\"wp-block-image size-large\"><img fetchpriority=\"high\" decoding=\"async\" width=\"1024\" height=\"576\" src=\"https:\/\/sextante.ucatolicaluisamigo.edu.co\/wp-content\/uploads\/2026\/03\/Victor-Javier-Correa-Velez-1024x576.png\" alt=\"\" class=\"wp-image-23340\" style=\"aspect-ratio:16\/9;object-fit:cover\" srcset=\"https:\/\/sextante.ucatolicaluisamigo.edu.co\/wp-content\/uploads\/2026\/03\/Victor-Javier-Correa-Velez-1024x576.png 1024w, https:\/\/sextante.ucatolicaluisamigo.edu.co\/wp-content\/uploads\/2026\/03\/Victor-Javier-Correa-Velez-300x169.png 300w, https:\/\/sextante.ucatolicaluisamigo.edu.co\/wp-content\/uploads\/2026\/03\/Victor-Javier-Correa-Velez-768x432.png 768w, https:\/\/sextante.ucatolicaluisamigo.edu.co\/wp-content\/uploads\/2026\/03\/Victor-Javier-Correa-Velez.png 1460w\" sizes=\"(max-width: 1024px) 100vw, 1024px\" \/><figcaption class=\"wp-element-caption\">V\u00edctor Javier Correa V\u00e9lez \/ Fotos: redes sociales<br><\/figcaption><\/figure>\n\n\n\n<p>En la contienda al <strong>Senado<\/strong> se incluyen voces que rompen el molde tradicional, como<strong>&nbsp;<\/strong>Sara Jaramillo, l\u00edder activista de Medell\u00edn y candidata al Senado. Desde su experiencia como veterinaria, busca que la ciencia y la \u00e9tica animal tengan un papel real en las decisiones del&nbsp;<strong>Congreso<\/strong>, respaldadas por datos que evidencien las necesidades concretas de los animales.&nbsp;<\/p>\n\n\n\n<figure class=\"wp-block-image size-full\"><img decoding=\"async\" width=\"1460\" height=\"821\" src=\"https:\/\/sextante.ucatolicaluisamigo.edu.co\/wp-content\/uploads\/2026\/03\/Sara-Jaramillo-.jpg\" alt=\"protecci\u00f3n animal\" class=\"wp-image-23239\" srcset=\"https:\/\/sextante.ucatolicaluisamigo.edu.co\/wp-content\/uploads\/2026\/03\/Sara-Jaramillo-.jpg 1460w, https:\/\/sextante.ucatolicaluisamigo.edu.co\/wp-content\/uploads\/2026\/03\/Sara-Jaramillo--300x169.jpg 300w, https:\/\/sextante.ucatolicaluisamigo.edu.co\/wp-content\/uploads\/2026\/03\/Sara-Jaramillo--1024x576.jpg 1024w, https:\/\/sextante.ucatolicaluisamigo.edu.co\/wp-content\/uploads\/2026\/03\/Sara-Jaramillo--768x432.jpg 768w\" sizes=\"(max-width: 1460px) 100vw, 1460px\" \/><figcaption class=\"wp-element-caption\">Sara Jaramillo \/ Foto: redes sociales<br><\/figcaption><\/figure>\n\n\n\n<p><strong>Siga leyendo la entrevista: <a href=\"https:\/\/www.elcolombiano.com\/antioquia\/entrevista-sara-jaramillo-candidata-animalista-senado-antioquia-creemos-OL33839337\" target=\"_blank\" rel=\"noreferrer noopener\">\u201cEl movimiento animalista ha sido usado para conseguir votos\u201d: Sara Jaramillo<\/a><\/strong><\/p>\n\n\n\n<p>En la carrera hacia la&nbsp;<strong>C\u00e1mara de Representantes<\/strong>,&nbsp;Nicol\u00e1s Albeiro Echeverry&nbsp;Alvar\u00e1n, que ya ha tenido&nbsp;impacto positivo para los animales en su trayectoria pol\u00edtica, lidera una agenda que prioriza la prevenci\u00f3n del&nbsp;<strong>abandono animal<\/strong>&nbsp;y la tenencia responsable. Su enfoque apunta a fortalecer la normativa vigente y articular a los municipios con el Gobierno nacional mediante vigilancia y coordinaci\u00f3n territorial.&nbsp;<\/p>\n\n\n\n<figure class=\"wp-block-image size-large\"><img decoding=\"async\" width=\"1024\" height=\"576\" src=\"https:\/\/sextante.ucatolicaluisamigo.edu.co\/wp-content\/uploads\/2026\/03\/Nicolas-Albeiro-Echeverry-1024x576.jpg\" alt=\"Bienestar animal, la nueva apuesta de los candidatos en Antioquia\" class=\"wp-image-23240\" srcset=\"https:\/\/sextante.ucatolicaluisamigo.edu.co\/wp-content\/uploads\/2026\/03\/Nicolas-Albeiro-Echeverry-1024x576.jpg 1024w, https:\/\/sextante.ucatolicaluisamigo.edu.co\/wp-content\/uploads\/2026\/03\/Nicolas-Albeiro-Echeverry-300x169.jpg 300w, https:\/\/sextante.ucatolicaluisamigo.edu.co\/wp-content\/uploads\/2026\/03\/Nicolas-Albeiro-Echeverry-768x432.jpg 768w, https:\/\/sextante.ucatolicaluisamigo.edu.co\/wp-content\/uploads\/2026\/03\/Nicolas-Albeiro-Echeverry.jpg 1460w\" sizes=\"(max-width: 1024px) 100vw, 1024px\" \/><figcaption class=\"wp-element-caption\">Nicol\u00e1s Albeiro Echeverry \/ Foto: Senado de la Rep\u00fablica <br><\/figcaption><\/figure>\n\n\n\n<p>Esta diversidad de enfoques en las propuestas para el&nbsp;<strong>Congreso&nbsp;<\/strong>refleja la urgencia de pasar de la norma a la ejecuci\u00f3n. Como advierte Sara Jaramillo en entrevista con&nbsp;<em>El Colombiano<\/em>: \u201cColombia est\u00e1 robusta en leyes. El problema no es la cantidad, sino que no se aplican\u201d.&nbsp;&nbsp;<\/p>\n\n\n\n<p><strong>Le puede interesar: <a href=\"https:\/\/sextante.ucatolicaluisamigo.edu.co\/?p=22243\" target=\"_blank\" rel=\"noreferrer noopener\">El \u00c1ngel que cambi\u00f3 la historia del maltrato animal en Colombia<\/a><\/strong><\/p>\n\n\n\n<p>La situaci\u00f3n en&nbsp;<strong>Antioquia&nbsp;<\/strong>confirma esta realidad: solo en 2025, la Polic\u00eda Nacional rescat\u00f3 849 animales, mientras que la Alcald\u00eda de Medell\u00edn report\u00f3 3.781 rescates de perros y gatos. Seg\u00fan la Gobernaci\u00f3n de Antioquia, \u00fanicamente 21 municipios cuentan con albergues para atender a los animales en situaci\u00f3n de&nbsp;<strong>abandono&nbsp;<\/strong>o&nbsp;<strong>maltrato<\/strong>. <\/p>\n\n\n\n<p>Estos datos reflejan que, m\u00e1s all\u00e1 de las leyes, se requieren acciones concretas, seguimiento institucional y recursos suficientes para garantizar el&nbsp;<strong>bienestar animal<\/strong>&nbsp;en todo el departamento.&nbsp;&nbsp;<\/p>\n\n\n\n<p><\/p>\n","protected":false},"excerpt":{"rendered":"<p>Candidatos antioque\u00f1os incluyen la protecci\u00f3n animal en su agenda pol\u00edtica Por: Sara C\u00e9spedes\u00a0y Daniela Herrera La&nbsp;protecci\u00f3n animal&nbsp;ha dejado de ser un tema exclusivo del activismo, de las marchas o de las redes sociales. En las pr\u00f3ximas&nbsp;elecciones legislativas, la protecci\u00f3n de quienes no tienen voz se traslada a las urnas como factor decisivo para muchos votantes&#8230;.<\/p>\n","protected":false},"author":7,"featured_media":0,"comment_status":"open","ping_status":"closed","sticky":false,"template":"","format":"standard","meta":{"footnotes":""},"categories":[129],"tags":[1711,1710,1712,1588,1709],"class_list":["post-23232","post","type-post","status-publish","format-standard","hentry","category-politica","tag-abandono-y-maltrato-animal","tag-camara-de-representantes","tag-elecciones-2026","tag-proteccion-animal","tag-senado"],"yoast_head":"<!-- This site is optimized with the Yoast SEO plugin v26.4 - https:\/\/yoast.com\/wordpress\/plugins\/seo\/ -->\n<title>Candidatos antioque\u00f1os incluyen la protecci\u00f3n animal en su agenda pol\u00edtica - Sextante Digital<\/title>\n<meta name=\"description\" content=\"De cara a las elecciones, algunos aspirantes antioque\u00f1os al Congreso incluyen propuestas concretas en favor del bienestar animal.\" \/>\n<meta name=\"robots\" content=\"index, follow, max-snippet:-1, max-image-preview:large, max-video-preview:-1\" \/>\n<link rel=\"canonical\" href=\"https:\/\/sextante.ucatolicaluisamigo.edu.co\/?p=23232\" \/>\n<meta property=\"og:locale\" content=\"es_ES\" \/>\n<meta property=\"og:type\" content=\"article\" \/>\n<meta property=\"og:title\" content=\"Candidatos antioque\u00f1os incluyen la protecci\u00f3n animal en su agenda pol\u00edtica - Sextante Digital\" \/>\n<meta property=\"og:description\" content=\"De cara a las elecciones, algunos aspirantes antioque\u00f1os al Congreso incluyen propuestas concretas en favor del bienestar animal.\" \/>\n<meta property=\"og:url\" content=\"https:\/\/sextante.ucatolicaluisamigo.edu.co\/?p=23232\" \/>\n<meta property=\"og:site_name\" content=\"Sextante Digital\" \/>\n<meta property=\"article:published_time\" content=\"2026-03-07T05:23:49+00:00\" \/>\n<meta property=\"article:modified_time\" content=\"2026-03-11T15:51:07+00:00\" \/>\n<meta property=\"og:image\" content=\"https:\/\/sextante.ucatolicaluisamigo.edu.co\/wp-content\/uploads\/2026\/03\/Victor-Javier-Correa-Velez.png\" \/>\n\t<meta property=\"og:image:width\" content=\"1460\" \/>\n\t<meta property=\"og:image:height\" content=\"821\" \/>\n\t<meta property=\"og:image:type\" content=\"image\/png\" \/>\n<meta name=\"author\" content=\"grupo02 Sextante\" \/>\n<meta name=\"twitter:card\" content=\"summary_large_image\" \/>\n<meta name=\"twitter:label1\" content=\"Escrito por\" \/>\n\t<meta name=\"twitter:data1\" content=\"grupo02 Sextante\" \/>\n\t<meta name=\"twitter:label2\" content=\"Tiempo de lectura\" \/>\n\t<meta name=\"twitter:data2\" content=\"3 minutos\" \/>\n<script type=\"application\/ld+json\" class=\"yoast-schema-graph\">{\"@context\":\"https:\/\/schema.org\",\"@graph\":[{\"@type\":\"Article\",\"@id\":\"https:\/\/sextante.ucatolicaluisamigo.edu.co\/?p=23232#article\",\"isPartOf\":{\"@id\":\"https:\/\/sextante.ucatolicaluisamigo.edu.co\/?p=23232\"},\"author\":{\"name\":\"grupo02 Sextante\",\"@id\":\"https:\/\/sextante.ucatolicaluisamigo.edu.co\/#\/schema\/person\/a610a54e361d9f9bebef436c17d8256b\"},\"headline\":\"Candidatos antioque\u00f1os incluyen la protecci\u00f3n animal en su agenda pol\u00edtica\",\"datePublished\":\"2026-03-07T05:23:49+00:00\",\"dateModified\":\"2026-03-11T15:51:07+00:00\",\"mainEntityOfPage\":{\"@id\":\"https:\/\/sextante.ucatolicaluisamigo.edu.co\/?p=23232\"},\"wordCount\":517,\"commentCount\":0,\"publisher\":{\"@id\":\"https:\/\/sextante.ucatolicaluisamigo.edu.co\/#organization\"},\"image\":{\"@id\":\"https:\/\/sextante.ucatolicaluisamigo.edu.co\/?p=23232#primaryimage\"},\"thumbnailUrl\":\"https:\/\/sextante.ucatolicaluisamigo.edu.co\/wp-content\/uploads\/2026\/03\/Victor-Javier-Correa-Velez-1024x576.png\",\"keywords\":[\"Abandono y maltrato animal\",\"C\u00e1mara de representantes\",\"Elecciones 2026\",\"Protecci\u00f3n animal\",\"Senado\"],\"articleSection\":[\"Pol\u00edtica\"],\"inLanguage\":\"es-CO\",\"potentialAction\":[{\"@type\":\"CommentAction\",\"name\":\"Comment\",\"target\":[\"https:\/\/sextante.ucatolicaluisamigo.edu.co\/?p=23232#respond\"]}]},{\"@type\":\"WebPage\",\"@id\":\"https:\/\/sextante.ucatolicaluisamigo.edu.co\/?p=23232\",\"url\":\"https:\/\/sextante.ucatolicaluisamigo.edu.co\/?p=23232\",\"name\":\"Candidatos antioque\u00f1os incluyen la protecci\u00f3n animal en su agenda pol\u00edtica - Sextante Digital\",\"isPartOf\":{\"@id\":\"https:\/\/sextante.ucatolicaluisamigo.edu.co\/#website\"},\"primaryImageOfPage\":{\"@id\":\"https:\/\/sextante.ucatolicaluisamigo.edu.co\/?p=23232#primaryimage\"},\"image\":{\"@id\":\"https:\/\/sextante.ucatolicaluisamigo.edu.co\/?p=23232#primaryimage\"},\"thumbnailUrl\":\"https:\/\/sextante.ucatolicaluisamigo.edu.co\/wp-content\/uploads\/2026\/03\/Victor-Javier-Correa-Velez-1024x576.png\",\"datePublished\":\"2026-03-07T05:23:49+00:00\",\"dateModified\":\"2026-03-11T15:51:07+00:00\",\"description\":\"De cara a las elecciones, algunos aspirantes antioque\u00f1os al Congreso incluyen propuestas concretas en favor del bienestar animal.\",\"breadcrumb\":{\"@id\":\"https:\/\/sextante.ucatolicaluisamigo.edu.co\/?p=23232#breadcrumb\"},\"inLanguage\":\"es-CO\",\"potentialAction\":[{\"@type\":\"ReadAction\",\"target\":[\"https:\/\/sextante.ucatolicaluisamigo.edu.co\/?p=23232\"]}]},{\"@type\":\"ImageObject\",\"inLanguage\":\"es-CO\",\"@id\":\"https:\/\/sextante.ucatolicaluisamigo.edu.co\/?p=23232#primaryimage\",\"url\":\"https:\/\/sextante.ucatolicaluisamigo.edu.co\/wp-content\/uploads\/2026\/03\/Victor-Javier-Correa-Velez.png\",\"contentUrl\":\"https:\/\/sextante.ucatolicaluisamigo.edu.co\/wp-content\/uploads\/2026\/03\/Victor-Javier-Correa-Velez.png\",\"width\":1460,\"height\":821},{\"@type\":\"BreadcrumbList\",\"@id\":\"https:\/\/sextante.ucatolicaluisamigo.edu.co\/?p=23232#breadcrumb\",\"itemListElement\":[{\"@type\":\"ListItem\",\"position\":1,\"name\":\"Inicio\",\"item\":\"https:\/\/sextante.ucatolicaluisamigo.edu.co\/\"},{\"@type\":\"ListItem\",\"position\":2,\"name\":\"Candidatos antioque\u00f1os incluyen la protecci\u00f3n animal en su agenda pol\u00edtica\"}]},{\"@type\":\"WebSite\",\"@id\":\"https:\/\/sextante.ucatolicaluisamigo.edu.co\/#website\",\"url\":\"https:\/\/sextante.ucatolicaluisamigo.edu.co\/\",\"name\":\"Sextante Digital\",\"description\":\"ISSN: en tr\u00e1mite\",\"publisher\":{\"@id\":\"https:\/\/sextante.ucatolicaluisamigo.edu.co\/#organization\"},\"potentialAction\":[{\"@type\":\"SearchAction\",\"target\":{\"@type\":\"EntryPoint\",\"urlTemplate\":\"https:\/\/sextante.ucatolicaluisamigo.edu.co\/?s={search_term_string}\"},\"query-input\":{\"@type\":\"PropertyValueSpecification\",\"valueRequired\":true,\"valueName\":\"search_term_string\"}}],\"inLanguage\":\"es-CO\"},{\"@type\":\"Organization\",\"@id\":\"https:\/\/sextante.ucatolicaluisamigo.edu.co\/#organization\",\"name\":\"Sextante Digital\",\"url\":\"https:\/\/sextante.ucatolicaluisamigo.edu.co\/\",\"logo\":{\"@type\":\"ImageObject\",\"inLanguage\":\"es-CO\",\"@id\":\"https:\/\/sextante.ucatolicaluisamigo.edu.co\/#\/schema\/logo\/image\/\",\"url\":\"\",\"contentUrl\":\"\",\"caption\":\"Sextante Digital\"},\"image\":{\"@id\":\"https:\/\/sextante.ucatolicaluisamigo.edu.co\/#\/schema\/logo\/image\/\"}},{\"@type\":\"Person\",\"@id\":\"https:\/\/sextante.ucatolicaluisamigo.edu.co\/#\/schema\/person\/a610a54e361d9f9bebef436c17d8256b\",\"name\":\"grupo02 Sextante\",\"sameAs\":[\"https:\/\/sextante.ucatolicaluisamigo.edu.co\/\"],\"url\":\"https:\/\/sextante.ucatolicaluisamigo.edu.co\/?author=7\"}]}<\/script>\n<!-- \/ Yoast SEO plugin. -->","yoast_head_json":{"title":"Candidatos antioque\u00f1os incluyen la protecci\u00f3n animal en su agenda pol\u00edtica - Sextante Digital","description":"De cara a las elecciones, algunos aspirantes antioque\u00f1os al Congreso incluyen propuestas concretas en favor del bienestar animal.","robots":{"index":"index","follow":"follow","max-snippet":"max-snippet:-1","max-image-preview":"max-image-preview:large","max-video-preview":"max-video-preview:-1"},"canonical":"https:\/\/sextante.ucatolicaluisamigo.edu.co\/?p=23232","og_locale":"es_ES","og_type":"article","og_title":"Candidatos antioque\u00f1os incluyen la protecci\u00f3n animal en su agenda pol\u00edtica - Sextante Digital","og_description":"De cara a las elecciones, algunos aspirantes antioque\u00f1os al Congreso incluyen propuestas concretas en favor del bienestar animal.","og_url":"https:\/\/sextante.ucatolicaluisamigo.edu.co\/?p=23232","og_site_name":"Sextante Digital","article_published_time":"2026-03-07T05:23:49+00:00","article_modified_time":"2026-03-11T15:51:07+00:00","og_image":[{"width":1460,"height":821,"url":"https:\/\/sextante.ucatolicaluisamigo.edu.co\/wp-content\/uploads\/2026\/03\/Victor-Javier-Correa-Velez.png","type":"image\/png"}],"author":"grupo02 Sextante","twitter_card":"summary_large_image","twitter_misc":{"Escrito por":"grupo02 Sextante","Tiempo de lectura":"3 minutos"},"schema":{"@context":"https:\/\/schema.org","@graph":[{"@type":"Article","@id":"https:\/\/sextante.ucatolicaluisamigo.edu.co\/?p=23232#article","isPartOf":{"@id":"https:\/\/sextante.ucatolicaluisamigo.edu.co\/?p=23232"},"author":{"name":"grupo02 Sextante","@id":"https:\/\/sextante.ucatolicaluisamigo.edu.co\/#\/schema\/person\/a610a54e361d9f9bebef436c17d8256b"},"headline":"Candidatos antioque\u00f1os incluyen la protecci\u00f3n animal en su agenda pol\u00edtica","datePublished":"2026-03-07T05:23:49+00:00","dateModified":"2026-03-11T15:51:07+00:00","mainEntityOfPage":{"@id":"https:\/\/sextante.ucatolicaluisamigo.edu.co\/?p=23232"},"wordCount":517,"commentCount":0,"publisher":{"@id":"https:\/\/sextante.ucatolicaluisamigo.edu.co\/#organization"},"image":{"@id":"https:\/\/sextante.ucatolicaluisamigo.edu.co\/?p=23232#primaryimage"},"thumbnailUrl":"https:\/\/sextante.ucatolicaluisamigo.edu.co\/wp-content\/uploads\/2026\/03\/Victor-Javier-Correa-Velez-1024x576.png","keywords":["Abandono y maltrato animal","C\u00e1mara de representantes","Elecciones 2026","Protecci\u00f3n animal","Senado"],"articleSection":["Pol\u00edtica"],"inLanguage":"es-CO","potentialAction":[{"@type":"CommentAction","name":"Comment","target":["https:\/\/sextante.ucatolicaluisamigo.edu.co\/?p=23232#respond"]}]},{"@type":"WebPage","@id":"https:\/\/sextante.ucatolicaluisamigo.edu.co\/?p=23232","url":"https:\/\/sextante.ucatolicaluisamigo.edu.co\/?p=23232","name":"Candidatos antioque\u00f1os incluyen la protecci\u00f3n animal en su agenda pol\u00edtica - Sextante Digital","isPartOf":{"@id":"https:\/\/sextante.ucatolicaluisamigo.edu.co\/#website"},"primaryImageOfPage":{"@id":"https:\/\/sextante.ucatolicaluisamigo.edu.co\/?p=23232#primaryimage"},"image":{"@id":"https:\/\/sextante.ucatolicaluisamigo.edu.co\/?p=23232#primaryimage"},"thumbnailUrl":"https:\/\/sextante.ucatolicaluisamigo.edu.co\/wp-content\/uploads\/2026\/03\/Victor-Javier-Correa-Velez-1024x576.png","datePublished":"2026-03-07T05:23:49+00:00","dateModified":"2026-03-11T15:51:07+00:00","description":"De cara a las elecciones, algunos aspirantes antioque\u00f1os al Congreso incluyen propuestas concretas en favor del bienestar animal.","breadcrumb":{"@id":"https:\/\/sextante.ucatolicaluisamigo.edu.co\/?p=23232#breadcrumb"},"inLanguage":"es-CO","potentialAction":[{"@type":"ReadAction","target":["https:\/\/sextante.ucatolicaluisamigo.edu.co\/?p=23232"]}]},{"@type":"ImageObject","inLanguage":"es-CO","@id":"https:\/\/sextante.ucatolicaluisamigo.edu.co\/?p=23232#primaryimage","url":"https:\/\/sextante.ucatolicaluisamigo.edu.co\/wp-content\/uploads\/2026\/03\/Victor-Javier-Correa-Velez.png","contentUrl":"https:\/\/sextante.ucatolicaluisamigo.edu.co\/wp-content\/uploads\/2026\/03\/Victor-Javier-Correa-Velez.png","width":1460,"height":821},{"@type":"BreadcrumbList","@id":"https:\/\/sextante.ucatolicaluisamigo.edu.co\/?p=23232#breadcrumb","itemListElement":[{"@type":"ListItem","position":1,"name":"Inicio","item":"https:\/\/sextante.ucatolicaluisamigo.edu.co\/"},{"@type":"ListItem","position":2,"name":"Candidatos antioque\u00f1os incluyen la protecci\u00f3n animal en su agenda pol\u00edtica"}]},{"@type":"WebSite","@id":"https:\/\/sextante.ucatolicaluisamigo.edu.co\/#website","url":"https:\/\/sextante.ucatolicaluisamigo.edu.co\/","name":"Sextante Digital","description":"ISSN: en tr\u00e1mite","publisher":{"@id":"https:\/\/sextante.ucatolicaluisamigo.edu.co\/#organization"},"potentialAction":[{"@type":"SearchAction","target":{"@type":"EntryPoint","urlTemplate":"https:\/\/sextante.ucatolicaluisamigo.edu.co\/?s={search_term_string}"},"query-input":{"@type":"PropertyValueSpecification","valueRequired":true,"valueName":"search_term_string"}}],"inLanguage":"es-CO"},{"@type":"Organization","@id":"https:\/\/sextante.ucatolicaluisamigo.edu.co\/#organization","name":"Sextante Digital","url":"https:\/\/sextante.ucatolicaluisamigo.edu.co\/","logo":{"@type":"ImageObject","inLanguage":"es-CO","@id":"https:\/\/sextante.ucatolicaluisamigo.edu.co\/#\/schema\/logo\/image\/","url":"","contentUrl":"","caption":"Sextante Digital"},"image":{"@id":"https:\/\/sextante.ucatolicaluisamigo.edu.co\/#\/schema\/logo\/image\/"}},{"@type":"Person","@id":"https:\/\/sextante.ucatolicaluisamigo.edu.co\/#\/schema\/person\/a610a54e361d9f9bebef436c17d8256b","name":"grupo02 Sextante","sameAs":["https:\/\/sextante.ucatolicaluisamigo.edu.co\/"],"url":"https:\/\/sextante.ucatolicaluisamigo.edu.co\/?author=7"}]}},"_links":{"self":[{"href":"https:\/\/sextante.ucatolicaluisamigo.edu.co\/index.php?rest_route=\/wp\/v2\/posts\/23232","targetHints":{"allow":["GET"]}}],"collection":[{"href":"https:\/\/sextante.ucatolicaluisamigo.edu.co\/index.php?rest_route=\/wp\/v2\/posts"}],"about":[{"href":"https:\/\/sextante.ucatolicaluisamigo.edu.co\/index.php?rest_route=\/wp\/v2\/types\/post"}],"author":[{"embeddable":true,"href":"https:\/\/sextante.ucatolicaluisamigo.edu.co\/index.php?rest_route=\/wp\/v2\/users\/7"}],"replies":[{"embeddable":true,"href":"https:\/\/sextante.ucatolicaluisamigo.edu.co\/index.php?rest_route=%2Fwp%2Fv2%2Fcomments&post=23232"}],"version-history":[{"count":19,"href":"https:\/\/sextante.ucatolicaluisamigo.edu.co\/index.php?rest_route=\/wp\/v2\/posts\/23232\/revisions"}],"predecessor-version":[{"id":23418,"href":"https:\/\/sextante.ucatolicaluisamigo.edu.co\/index.php?rest_route=\/wp\/v2\/posts\/23232\/revisions\/23418"}],"wp:attachment":[{"href":"https:\/\/sextante.ucatolicaluisamigo.edu.co\/index.php?rest_route=%2Fwp%2Fv2%2Fmedia&parent=23232"}],"wp:term":[{"taxonomy":"category","embeddable":true,"href":"https:\/\/sextante.ucatolicaluisamigo.edu.co\/index.php?rest_route=%2Fwp%2Fv2%2Fcategories&post=23232"},{"taxonomy":"post_tag","embeddable":true,"href":"https:\/\/sextante.ucatolicaluisamigo.edu.co\/index.php?rest_route=%2Fwp%2Fv2%2Ftags&post=23232"}],"curies":[{"name":"wp","href":"https:\/\/api.w.org\/{rel}","templated":true}]}}