{"id":23256,"date":"2026-03-07T00:17:56","date_gmt":"2026-03-07T05:17:56","guid":{"rendered":"https:\/\/sextante.ucatolicaluisamigo.edu.co\/?p=23256"},"modified":"2026-03-07T00:17:57","modified_gmt":"2026-03-07T05:17:57","slug":"del-like-al-voto-influenciadores-y-politicos-en-la-disputa-juvenil","status":"publish","type":"post","link":"https:\/\/sextante.ucatolicaluisamigo.edu.co\/?p=23256","title":{"rendered":"Del like al voto: Influenciadores y pol\u00edticos en la disputa juvenil"},"content":{"rendered":"\n<h2 class=\"wp-block-heading\">Del <em>like<\/em> al voto: Influenciadores y pol\u00edticos en la disputa juvenil<\/h2>\n\n\n\n<h5 class=\"wp-block-heading\"><em>A pocos d\u00edas de las elecciones legislativas en Colombia, la pol\u00edtica se ha tomado las redes sociales. Influenciadores y pol\u00edticos tradicionales buscan captar la atenci\u00f3n de una generaci\u00f3n que consume informaci\u00f3n r\u00e1pida y exige cercan\u00eda, claridad y di\u00e1logo.<\/em><\/h5>\n\n\n\n<p><strong><em>3 de marzo&nbsp; de 2026<\/em><\/strong><em>&nbsp;<\/em><\/p>\n\n\n\n<p><em>Por:<\/em> <a href=\"mailto:benjamin.fernandezle@amigo.edu.co\"><strong><em>Benjam\u00edn Fern\u00e1ndez Lenis<\/em><\/strong><\/a> &#8211; <a href=\"mailto:melissa.morenoto@amigo.edu.co\"><strong><em>Melissa Moreno Torres<\/em><\/strong><\/a> &#8211; <a href=\"mailto:paulina.patinoca@amigo.edu.co\"><strong><em>Paulina Pati\u00f1o Casta\u00f1o<\/em><\/strong><\/a> &#8211; <a href=\"mailto:a362094@uach.mx\"><strong><em>Luis Ricardo Rubio<\/em><\/strong><\/a> &#8211; <a href=\"mailto:narlly.ruedaav@amigo.edu.co\"><strong><em>Narlly Shantal Rueda Avenda\u00f1o<\/em><\/strong><\/a><strong><em> <\/em><\/strong><\/p>\n\n\n\n<figure class=\"wp-block-image size-large\"><img fetchpriority=\"high\" decoding=\"async\" width=\"1024\" height=\"576\" src=\"https:\/\/sextante.ucatolicaluisamigo.edu.co\/wp-content\/uploads\/2026\/03\/WhatsApp-Image-2026-03-06-at-11.39.47-PM-1024x576.jpeg\" alt=\"\" class=\"wp-image-23368\" srcset=\"https:\/\/sextante.ucatolicaluisamigo.edu.co\/wp-content\/uploads\/2026\/03\/WhatsApp-Image-2026-03-06-at-11.39.47-PM-1024x576.jpeg 1024w, https:\/\/sextante.ucatolicaluisamigo.edu.co\/wp-content\/uploads\/2026\/03\/WhatsApp-Image-2026-03-06-at-11.39.47-PM-300x169.jpeg 300w, https:\/\/sextante.ucatolicaluisamigo.edu.co\/wp-content\/uploads\/2026\/03\/WhatsApp-Image-2026-03-06-at-11.39.47-PM-768x432.jpeg 768w, https:\/\/sextante.ucatolicaluisamigo.edu.co\/wp-content\/uploads\/2026\/03\/WhatsApp-Image-2026-03-06-at-11.39.47-PM.jpeg 1280w\" sizes=\"(max-width: 1024px) 100vw, 1024px\" \/><figcaption class=\"wp-element-caption\">Influenciadores aspirantes al Senado. Ilustraci\u00f3n por Benjam\u00edn Fern\u00e1ndez Lenis<\/figcaption><\/figure>\n\n\n\n<p>La carrera por el voto joven en las elecciones legislativas en Colombia ya no se juega \u00fanicamente en plazas ni en debates televisivos. Hoy, las redes sociales son la principal <strong>fuente de informaci\u00f3n electoral<\/strong> para esta generaci\u00f3n, desplazando a la televisi\u00f3n, la radio y la prensa escrita. Plataformas como Facebook, Tik Tok, YouTube y X concentran la discusi\u00f3n pol\u00edtica y el contacto con los candidatos.&nbsp;<\/p>\n\n\n\n<p><strong>Le puede interesar: <\/strong><a href=\"https:\/\/amp.larepublica.co\/globoeconomia\/las-redes-sociales-reemplazan-a-los-medios-tradicionales-en-el-consumo-de-noticias-3636960\" target=\"_blank\" rel=\"noreferrer noopener\"><strong>Las redes sociales reemplazan a los medios tradicionales en el consumo de noticias<\/strong><\/a><\/p>\n\n\n\n<p>Este cambio coincide con datos del Departamento Administrativo Nacional de Estad\u00edstica (<a href=\"https:\/\/www.dane.gov.co\/index.php\/actualidad-dane\/5255-juventud-en-colombia-quienes-son-que-hacen-y-como-se-sienten-en-el-contexto-actual\"><strong>DANE<\/strong><\/a>) y la Registradur\u00eda Nacional del Estado Civil, que muestran el peso electoral de los j\u00f3venes y las variaciones en su participaci\u00f3n. Aunque representan una parte clave del censo electoral, <strong>hoy se informan a trav\u00e9s de contenidos breves y visuales, un modelo que facilita el acceso, pero aumenta los riesgos de desinformaci\u00f3n.<\/strong> En este escenario digital, influenciadores y pol\u00edticos tradicionales compiten por captar su atenci\u00f3n.<\/p>\n\n\n\n<div class=\"wp-block-columns is-layout-flex wp-container-core-columns-is-layout-9d6595d7 wp-block-columns-is-layout-flex\">\n<div class=\"wp-block-column is-layout-flow wp-block-column-is-layout-flow\"><\/div>\n\n\n\n<div class=\"wp-block-column is-layout-flow wp-block-column-is-layout-flow\">\n<figure class=\"wp-block-embed is-type-video is-provider-youtube wp-block-embed-youtube wp-embed-aspect-9-16 wp-has-aspect-ratio\"><div class=\"wp-block-embed__wrapper\">\n<iframe title=\"\u00bfVotar por influencers?\" width=\"563\" height=\"1000\" src=\"https:\/\/www.youtube.com\/embed\/TbZw_cyO4Z8?feature=oembed\" frameborder=\"0\" allow=\"accelerometer; autoplay; clipboard-write; encrypted-media; gyroscope; picture-in-picture; web-share\" referrerpolicy=\"strict-origin-when-cross-origin\" allowfullscreen><\/iframe>\n<\/div><\/figure>\n<\/div>\n\n\n\n<div class=\"wp-block-column is-layout-flow wp-block-column-is-layout-flow\"><\/div>\n<\/div>\n\n\n\n<div class=\"wp-block-columns is-layout-flex wp-container-core-columns-is-layout-9d6595d7 wp-block-columns-is-layout-flex\">\n<div class=\"wp-block-column is-layout-flow wp-block-column-is-layout-flow\">\n<p>En medio del debate sobre la representaci\u00f3n juvenil en la pol\u00edtica y la <strong>jornada electoral<\/strong> que se aproxima, surge una pregunta clave: \u00bfqui\u00e9n conecta realmente con esta generaci\u00f3n? Una encuesta realizada por las estudiantes de Comunicaci\u00f3n Social Shantal Rueda y Paulina Pati\u00f1o a j\u00f3venes entre 18 y 25 a\u00f1os revela que el <strong>78,9 %<\/strong> prefiere un <strong>l\u00edder joven<\/strong>; sin embargo, el <strong>47,4 %<\/strong> no se identifica ni con <strong>influenciadores<\/strong> ni con <strong>pol\u00edticos tradicionales,<\/strong> lo que evidencia una desconexi\u00f3n marcada entre la juventud y las figuras actuales de poder.<\/p>\n<\/div>\n<\/div>\n\n\n<div class=\"wp-block-image\">\n<figure class=\"aligncenter size-large is-resized\"><img decoding=\"async\" width=\"1024\" height=\"819\" src=\"https:\/\/sextante.ucatolicaluisamigo.edu.co\/wp-content\/uploads\/2026\/03\/image-4-1024x819.png\" alt=\"\" class=\"wp-image-23270\" style=\"aspect-ratio:1.2503174634184462;width:783px;height:auto\" srcset=\"https:\/\/sextante.ucatolicaluisamigo.edu.co\/wp-content\/uploads\/2026\/03\/image-4-1024x819.png 1024w, https:\/\/sextante.ucatolicaluisamigo.edu.co\/wp-content\/uploads\/2026\/03\/image-4-300x240.png 300w, https:\/\/sextante.ucatolicaluisamigo.edu.co\/wp-content\/uploads\/2026\/03\/image-4-768x614.png 768w, https:\/\/sextante.ucatolicaluisamigo.edu.co\/wp-content\/uploads\/2026\/03\/image-4-1536x1229.png 1536w, https:\/\/sextante.ucatolicaluisamigo.edu.co\/wp-content\/uploads\/2026\/03\/image-4.png 1600w\" sizes=\"(max-width: 1024px) 100vw, 1024px\" \/><figcaption class=\"wp-element-caption\">J\u00f3venes: \u00bfC\u00f3mo se informan y qui\u00e9nes sienten que los representan? <strong>Gr\u00e1fica: <\/strong>Paulina Pati\u00f1o, Shantal Rueda.<\/figcaption><\/figure>\n<\/div>\n\n\n<p><strong>Lea tambi\u00e9n<em>:<\/em><a href=\"https:\/\/www.camara.gov.co\/el-congreso-busca-fortalecer-la-participacion-politica-de-jovenes-en-la-toma-de-decisiones\/\"> El Congreso busca fortalecer la participaci\u00f3n pol\u00edtica de j\u00f3venes en la toma de decisiones<\/a> <\/strong>\u00a0<\/p>\n\n\n\n<p>En ese contexto, los participantes afirmaron que consumen contenido pol\u00edtico principalmente en <strong>redes sociales<\/strong> como parte de su rutina diaria. No buscan debates extensos, sino explicaciones breves y directas. \u201cEntiendo m\u00e1s lo que pasa en el pa\u00eds cuando alguien lo explica en <strong>Instagram<\/strong> que cuando escucho un debate pol\u00edtico\u201d, se\u00f1al\u00f3 Laura Puerta, <strong>estudiante universitaria<\/strong>. Adem\u00e1s, explic\u00f3 que suele compartir videos cuando siente que le aclaran dudas. Para ella, la diferencia est\u00e1 en la claridad y la forma de responder a las inquietudes.<\/p>\n\n\n\n<p>De otro lado, Daniela Zuluaga, estudiante de 24 a\u00f1os, afirma que <strong>se informa sobre elecciones a trav\u00e9s de redes sociales.<\/strong> \u201cYo me informo sobre las elecciones por X, Instagram, YouTube y TikTok\u201d, asegura. Para ella, estas plataformas son su primer contacto con la pol\u00edtica. Sin embargo, advierte que es necesario analizar las propuestas y no dejarse llevar solo por la popularidad digital. Su testimonio refleja c\u00f3mo muchos j\u00f3venes hoy toman decisiones electorales desde entornos digitales.&nbsp;<\/p>\n\n\n\n<p><strong>Le puede interesar: <a href=\"https:\/\/www.elespectador.com\/opinion\/columnistas\/columnista-invitado-ee\/de-verdad-piensan-votar-por-un-influencer-pongamonos-serios-por-favor\/\" target=\"_blank\" rel=\"noreferrer noopener\">\u00bfDe verdad piensan votar por un influencer? Pong\u00e1monos serios, por favor<\/a><\/strong><\/p>\n\n\n\n<h4 class=\"wp-block-heading\"><strong>Los influenciadores como voz juvenil y su nueva forma de hacer campa\u00f1a<\/strong><\/h4>\n\n\n\n<p>En este nuevo panorama, se evidencia el salto de las pantallas al Congreso de varios <strong>influenciadores<\/strong>. Ya no solo comentan la pol\u00edtica: ahora aspiran a <strong>legislar<\/strong>. Partidos pol\u00edticos han incluido en sus listas a figuras con comunidades digitales consolidadas. Perfiles como <a href=\"https:\/\/www.instagram.com\/soycampesinocol\/\">Andr\u00e9s Guerrero<\/a>, <a href=\"https:\/\/www.instagram.com\/smilelalis\/\">Laura Beltr\u00e1n<\/a>, <a href=\"https:\/\/www.instagram.com\/medicenwally\/\">Walter Rodr\u00edguez<\/a>, <a href=\"https:\/\/www.instagram.com\/dr.rawdy\/\">Rawdy Reales<\/a>, <a href=\"https:\/\/www.instagram.com\/elcantantedelgol\/\">Javier Hern\u00e1ndez<\/a>, <a href=\"https:\/\/www.instagram.com\/lauragallegosoliss\/\">Laura Gallego<\/a>, <a href=\"https:\/\/www.instagram.com\/felipesaruma\/\">Felipe Camargo<\/a> y <a href=\"https:\/\/www.instagram.com\/camiospinaza\/\">Camila Ospina<\/a> est\u00e1n utilizando las mismas plataformas que los hicieron visibles para promover propuestas legislativas.&nbsp;<\/p>\n\n\n\n<p class=\"has-text-align-left\">La estrategia para hacer campa\u00f1a es similar en todos, videos cortos para explicar ideas, transmisiones en vivo constantemente, responder preguntas en historias y estar empapados de temas de actualidad. Tambi\u00e9n usan encuestas y cajas de preguntas para tener esa cercan\u00eda con los seguidores. Su campa\u00f1a no solo se basa en discurso sino en <strong>dialogo<\/strong> <strong>con su comunidad.<\/strong><\/p>\n\n\n\n<p class=\"has-text-align-left\">Camila Ospina, la candidata a la C\u00e1mara por el partido Creemos, nos cont\u00f3 que <strong>Instagram<\/strong> es su principal canal de campa\u00f1a ya que all\u00ed tiene una comunidad consolidada. Explic\u00f3 que le ha tocado adaptar su contenido y hablar mas de <strong>propuestas<\/strong> y menos de entretenimiento, sin dejar a un lado la cercan\u00eda que la caracteriza. Su mayor reto es convertir estos seguidores en <strong>votantes<\/strong>, algo que dice tener claro que es diferente.<\/p>\n\n\n\n<p>Walter Alfonso Rodr\u00edguez, conocido en redes sociales como \u201cWally Opina\u201d, tambi\u00e9n aparece entre las <strong>figuras digitales<\/strong> que buscan llegar al Congreso. El abogado y creador de contenido pol\u00edtico, vinculado actualmente al sistema de medios p\u00fablicos RTVC, ha se\u00f1alado en sus espacios digitales que su intenci\u00f3n es trasladar el debate pol\u00edtico a los j\u00f3venes que se informan en redes. \u201cLa pol\u00edtica tambi\u00e9n debe hablar el lenguaje de las nuevas generaciones. Si los j\u00f3venes est\u00e1n en las redes, ah\u00ed es donde debemos explicar las decisiones que afectan al pa\u00eds\u201d, ha afirmado en sus contenidos dirigidos a su comunidad digital.<\/p>\n\n\n\n<p class=\"has-text-align-left\"><strong>Mire tambi\u00e9n: <\/strong><a href=\"https:\/\/www.lasillavacia.com\/silla-nacional\/los-seis-influencers-petristas-que-se-quieren-lanzar-al-congreso-en-2026\/\" target=\"_blank\" rel=\"noreferrer noopener\"><strong>Los seis influencers petristas que se quieren lanzar al Congreso en 2026<\/strong><\/a><\/p>\n\n\n\n<h4 class=\"wp-block-heading\"><strong>Nuevas urnas donde los j\u00f3venes deciden su voto<\/strong><\/h4>\n\n\n\n<p>Mientras los influenciadores candidatos buscan posicionarse, <strong>los pol\u00edticos tradicionales enfrentan el desaf\u00edo de adaptar su comunicaci\u00f3n a los c\u00f3digos digitales <\/strong>sin perder institucionalidad. Sin embargo, el reto no es solo comunicar bien, sino comprender c\u00f3mo funciona el Estado y proponer soluciones reales a los problemas estructurales del pa\u00eds.<\/p>\n\n\n\n<p>Aqu\u00ed emerge la tensi\u00f3n central del debate, <strong>la conexi\u00f3n emocional<\/strong> no siempre equivale a capacidad de gesti\u00f3n. Los algoritmos pueden amplificar un mensaje, pero <strong>no garantizan gobernabilidad<\/strong>. A diferencia de las campa\u00f1as tradicionales que llenaban plazas p\u00fablicas, hoy un video que se vuelve tendencia puede alcanzar<strong> miles de personas <\/strong>en cuesti\u00f3n de horas. El alcance digital depende en gran medida de los algoritmos y la din\u00e1mica de las plataformas. Sin embargo, la historia electoral ha demostrado que <strong>popularidad no siempre significa victoria<\/strong>.<\/p>\n\n\n\n<p><strong>Le puede interesar: <\/strong><a href=\"https:\/\/www.uniandes.edu.co\/es\/noticias\/gobierno-y-politica\/que-se-elige-en-las-elecciones-del-8-de-marzo-en-colombia\" target=\"_blank\" rel=\"noreferrer noopener\"><strong>\u00bfQu\u00e9 se elige en las elecciones del 8 de marzo en Colombia?<\/strong><\/a><\/p>\n\n\n\n<p>La discusi\u00f3n no se reduce a determinar un <strong>\u201cganador\u201d<\/strong> entre influenciadores y pol\u00edticos tradicionales. Lo que realmente est\u00e1 en juego es un <strong>cambio profundo<\/strong> en la forma en que los j\u00f3venes se informan, opinan y participan. La conexi\u00f3n ya no depende exclusivamente del cargo p\u00fablico, sino de la capacidad de generar +<strong>di\u00e1logo en los espacios digitales<\/strong> donde transcurre gran parte de la conversaci\u00f3n p\u00fablica. Las <strong>elecciones del 8 de marzo <\/strong>mostrar\u00e1n si el alcance en redes puede convertirse en votos reales. Por ahora, la campa\u00f1a se mueve entre comentarios, compartidos y transmisiones en vivo.&nbsp;<\/p>\n\n\n\n<p><strong>Le puede interesar:<\/strong> <a href=\"https:\/\/sextante.ucatolicaluisamigo.edu.co\/?p=19218\" target=\"_blank\" rel=\"noreferrer noopener\"><strong><strong>Ley para influenciadores: Hacia un ecosistema digital responsable en Colombia<\/strong><\/strong><\/a><\/p>\n\n\n\n<p class=\"has-text-align-left\"><\/p>\n\n\n\n<p><\/p>\n","protected":false},"excerpt":{"rendered":"<p>Del like al voto: Influenciadores y pol\u00edticos en la disputa juvenil A pocos d\u00edas de las elecciones legislativas en Colombia, la pol\u00edtica se ha tomado las redes sociales. Influenciadores y pol\u00edticos tradicionales buscan captar la atenci\u00f3n de una generaci\u00f3n que consume informaci\u00f3n r\u00e1pida y exige cercan\u00eda, claridad y di\u00e1logo. 3 de marzo&nbsp; de 2026&nbsp; Por:&#8230;<\/p>\n","protected":false},"author":7,"featured_media":23258,"comment_status":"open","ping_status":"closed","sticky":false,"template":"","format":"standard","meta":{"footnotes":""},"categories":[129],"tags":[1717,1712,1404,1716,230,1471],"class_list":["post-23256","post","type-post","status-publish","format-standard","has-post-thumbnail","hentry","category-politica","tag-campana-digital","tag-elecciones-2026","tag-influencers","tag-influenciadores-politicos","tag-jovenes","tag-redes-sociales"],"yoast_head":"<!-- This site is optimized with the Yoast SEO plugin v26.4 - https:\/\/yoast.com\/wordpress\/plugins\/seo\/ -->\n<title>Del like al voto: Influenciadores y pol\u00edticos en la disputa juvenil - Sextante Digital<\/title>\n<meta name=\"description\" content=\"A pocos d\u00edas de las elecciones legislativas en Colombia, la pol\u00edtica se ha tomado las redes sociales. Influenciadores y pol\u00edticos tradicionales buscan captar la atenci\u00f3n de una generaci\u00f3n que consume informaci\u00f3n r\u00e1pida y exige cercan\u00eda, claridad y di\u00e1logo.\" \/>\n<meta name=\"robots\" content=\"index, follow, max-snippet:-1, max-image-preview:large, max-video-preview:-1\" \/>\n<link rel=\"canonical\" href=\"https:\/\/sextante.ucatolicaluisamigo.edu.co\/?p=23256\" \/>\n<meta property=\"og:locale\" content=\"es_ES\" \/>\n<meta property=\"og:type\" content=\"article\" \/>\n<meta property=\"og:title\" content=\"Del like al voto: Influenciadores y pol\u00edticos en la disputa juvenil - Sextante Digital\" \/>\n<meta property=\"og:description\" content=\"A pocos d\u00edas de las elecciones legislativas en Colombia, la pol\u00edtica se ha tomado las redes sociales. Influenciadores y pol\u00edticos tradicionales buscan captar la atenci\u00f3n de una generaci\u00f3n que consume informaci\u00f3n r\u00e1pida y exige cercan\u00eda, claridad y di\u00e1logo.\" \/>\n<meta property=\"og:url\" content=\"https:\/\/sextante.ucatolicaluisamigo.edu.co\/?p=23256\" \/>\n<meta property=\"og:site_name\" content=\"Sextante Digital\" \/>\n<meta property=\"article:published_time\" content=\"2026-03-07T05:17:56+00:00\" \/>\n<meta property=\"article:modified_time\" content=\"2026-03-07T05:17:57+00:00\" \/>\n<meta property=\"og:image\" content=\"https:\/\/sextante.ucatolicaluisamigo.edu.co\/wp-content\/uploads\/2026\/03\/\u00bfInfluenciadores-al-senado-2-1.jpg\" \/>\n\t<meta property=\"og:image:width\" content=\"1920\" \/>\n\t<meta property=\"og:image:height\" content=\"1080\" \/>\n\t<meta property=\"og:image:type\" content=\"image\/jpeg\" \/>\n<meta name=\"author\" content=\"grupo02 Sextante\" \/>\n<meta name=\"twitter:card\" content=\"summary_large_image\" \/>\n<meta name=\"twitter:label1\" content=\"Escrito por\" \/>\n\t<meta name=\"twitter:data1\" content=\"grupo02 Sextante\" \/>\n\t<meta name=\"twitter:label2\" content=\"Tiempo de lectura\" \/>\n\t<meta name=\"twitter:data2\" content=\"6 minutos\" \/>\n<script type=\"application\/ld+json\" class=\"yoast-schema-graph\">{\"@context\":\"https:\/\/schema.org\",\"@graph\":[{\"@type\":\"Article\",\"@id\":\"https:\/\/sextante.ucatolicaluisamigo.edu.co\/?p=23256#article\",\"isPartOf\":{\"@id\":\"https:\/\/sextante.ucatolicaluisamigo.edu.co\/?p=23256\"},\"author\":{\"name\":\"grupo02 Sextante\",\"@id\":\"https:\/\/sextante.ucatolicaluisamigo.edu.co\/#\/schema\/person\/a610a54e361d9f9bebef436c17d8256b\"},\"headline\":\"Del like al voto: Influenciadores y pol\u00edticos en la disputa juvenil\",\"datePublished\":\"2026-03-07T05:17:56+00:00\",\"dateModified\":\"2026-03-07T05:17:57+00:00\",\"mainEntityOfPage\":{\"@id\":\"https:\/\/sextante.ucatolicaluisamigo.edu.co\/?p=23256\"},\"wordCount\":1244,\"commentCount\":0,\"publisher\":{\"@id\":\"https:\/\/sextante.ucatolicaluisamigo.edu.co\/#organization\"},\"image\":{\"@id\":\"https:\/\/sextante.ucatolicaluisamigo.edu.co\/?p=23256#primaryimage\"},\"thumbnailUrl\":\"https:\/\/sextante.ucatolicaluisamigo.edu.co\/wp-content\/uploads\/2026\/03\/\u00bfInfluenciadores-al-senado-2-1.jpg\",\"keywords\":[\"Campa\u00f1a Digital\",\"Elecciones 2026\",\"Influencers\",\"Influenciadores pol\u00edticos\",\"J\u00f3venes\",\"Redes sociales\"],\"articleSection\":[\"Pol\u00edtica\"],\"inLanguage\":\"es-CO\",\"potentialAction\":[{\"@type\":\"CommentAction\",\"name\":\"Comment\",\"target\":[\"https:\/\/sextante.ucatolicaluisamigo.edu.co\/?p=23256#respond\"]}]},{\"@type\":\"WebPage\",\"@id\":\"https:\/\/sextante.ucatolicaluisamigo.edu.co\/?p=23256\",\"url\":\"https:\/\/sextante.ucatolicaluisamigo.edu.co\/?p=23256\",\"name\":\"Del like al voto: Influenciadores y pol\u00edticos en la disputa juvenil - Sextante Digital\",\"isPartOf\":{\"@id\":\"https:\/\/sextante.ucatolicaluisamigo.edu.co\/#website\"},\"primaryImageOfPage\":{\"@id\":\"https:\/\/sextante.ucatolicaluisamigo.edu.co\/?p=23256#primaryimage\"},\"image\":{\"@id\":\"https:\/\/sextante.ucatolicaluisamigo.edu.co\/?p=23256#primaryimage\"},\"thumbnailUrl\":\"https:\/\/sextante.ucatolicaluisamigo.edu.co\/wp-content\/uploads\/2026\/03\/\u00bfInfluenciadores-al-senado-2-1.jpg\",\"datePublished\":\"2026-03-07T05:17:56+00:00\",\"dateModified\":\"2026-03-07T05:17:57+00:00\",\"description\":\"A pocos d\u00edas de las elecciones legislativas en Colombia, la pol\u00edtica se ha tomado las redes sociales. Influenciadores y pol\u00edticos tradicionales buscan captar la atenci\u00f3n de una generaci\u00f3n que consume informaci\u00f3n r\u00e1pida y exige cercan\u00eda, claridad y di\u00e1logo.\",\"breadcrumb\":{\"@id\":\"https:\/\/sextante.ucatolicaluisamigo.edu.co\/?p=23256#breadcrumb\"},\"inLanguage\":\"es-CO\",\"potentialAction\":[{\"@type\":\"ReadAction\",\"target\":[\"https:\/\/sextante.ucatolicaluisamigo.edu.co\/?p=23256\"]}]},{\"@type\":\"ImageObject\",\"inLanguage\":\"es-CO\",\"@id\":\"https:\/\/sextante.ucatolicaluisamigo.edu.co\/?p=23256#primaryimage\",\"url\":\"https:\/\/sextante.ucatolicaluisamigo.edu.co\/wp-content\/uploads\/2026\/03\/\u00bfInfluenciadores-al-senado-2-1.jpg\",\"contentUrl\":\"https:\/\/sextante.ucatolicaluisamigo.edu.co\/wp-content\/uploads\/2026\/03\/\u00bfInfluenciadores-al-senado-2-1.jpg\",\"width\":1920,\"height\":1080,\"caption\":\"Del like al voto\"},{\"@type\":\"BreadcrumbList\",\"@id\":\"https:\/\/sextante.ucatolicaluisamigo.edu.co\/?p=23256#breadcrumb\",\"itemListElement\":[{\"@type\":\"ListItem\",\"position\":1,\"name\":\"Inicio\",\"item\":\"https:\/\/sextante.ucatolicaluisamigo.edu.co\/\"},{\"@type\":\"ListItem\",\"position\":2,\"name\":\"Del like al voto: Influenciadores y pol\u00edticos en la disputa juvenil\"}]},{\"@type\":\"WebSite\",\"@id\":\"https:\/\/sextante.ucatolicaluisamigo.edu.co\/#website\",\"url\":\"https:\/\/sextante.ucatolicaluisamigo.edu.co\/\",\"name\":\"Sextante Digital\",\"description\":\"ISSN: en tr\u00e1mite\",\"publisher\":{\"@id\":\"https:\/\/sextante.ucatolicaluisamigo.edu.co\/#organization\"},\"potentialAction\":[{\"@type\":\"SearchAction\",\"target\":{\"@type\":\"EntryPoint\",\"urlTemplate\":\"https:\/\/sextante.ucatolicaluisamigo.edu.co\/?s={search_term_string}\"},\"query-input\":{\"@type\":\"PropertyValueSpecification\",\"valueRequired\":true,\"valueName\":\"search_term_string\"}}],\"inLanguage\":\"es-CO\"},{\"@type\":\"Organization\",\"@id\":\"https:\/\/sextante.ucatolicaluisamigo.edu.co\/#organization\",\"name\":\"Sextante Digital\",\"url\":\"https:\/\/sextante.ucatolicaluisamigo.edu.co\/\",\"logo\":{\"@type\":\"ImageObject\",\"inLanguage\":\"es-CO\",\"@id\":\"https:\/\/sextante.ucatolicaluisamigo.edu.co\/#\/schema\/logo\/image\/\",\"url\":\"\",\"contentUrl\":\"\",\"caption\":\"Sextante Digital\"},\"image\":{\"@id\":\"https:\/\/sextante.ucatolicaluisamigo.edu.co\/#\/schema\/logo\/image\/\"}},{\"@type\":\"Person\",\"@id\":\"https:\/\/sextante.ucatolicaluisamigo.edu.co\/#\/schema\/person\/a610a54e361d9f9bebef436c17d8256b\",\"name\":\"grupo02 Sextante\",\"sameAs\":[\"https:\/\/sextante.ucatolicaluisamigo.edu.co\/\"],\"url\":\"https:\/\/sextante.ucatolicaluisamigo.edu.co\/?author=7\"}]}<\/script>\n<!-- \/ Yoast SEO plugin. -->","yoast_head_json":{"title":"Del like al voto: Influenciadores y pol\u00edticos en la disputa juvenil - Sextante Digital","description":"A pocos d\u00edas de las elecciones legislativas en Colombia, la pol\u00edtica se ha tomado las redes sociales. Influenciadores y pol\u00edticos tradicionales buscan captar la atenci\u00f3n de una generaci\u00f3n que consume informaci\u00f3n r\u00e1pida y exige cercan\u00eda, claridad y di\u00e1logo.","robots":{"index":"index","follow":"follow","max-snippet":"max-snippet:-1","max-image-preview":"max-image-preview:large","max-video-preview":"max-video-preview:-1"},"canonical":"https:\/\/sextante.ucatolicaluisamigo.edu.co\/?p=23256","og_locale":"es_ES","og_type":"article","og_title":"Del like al voto: Influenciadores y pol\u00edticos en la disputa juvenil - Sextante Digital","og_description":"A pocos d\u00edas de las elecciones legislativas en Colombia, la pol\u00edtica se ha tomado las redes sociales. Influenciadores y pol\u00edticos tradicionales buscan captar la atenci\u00f3n de una generaci\u00f3n que consume informaci\u00f3n r\u00e1pida y exige cercan\u00eda, claridad y di\u00e1logo.","og_url":"https:\/\/sextante.ucatolicaluisamigo.edu.co\/?p=23256","og_site_name":"Sextante Digital","article_published_time":"2026-03-07T05:17:56+00:00","article_modified_time":"2026-03-07T05:17:57+00:00","og_image":[{"width":1920,"height":1080,"url":"https:\/\/sextante.ucatolicaluisamigo.edu.co\/wp-content\/uploads\/2026\/03\/\u00bfInfluenciadores-al-senado-2-1.jpg","type":"image\/jpeg"}],"author":"grupo02 Sextante","twitter_card":"summary_large_image","twitter_misc":{"Escrito por":"grupo02 Sextante","Tiempo de lectura":"6 minutos"},"schema":{"@context":"https:\/\/schema.org","@graph":[{"@type":"Article","@id":"https:\/\/sextante.ucatolicaluisamigo.edu.co\/?p=23256#article","isPartOf":{"@id":"https:\/\/sextante.ucatolicaluisamigo.edu.co\/?p=23256"},"author":{"name":"grupo02 Sextante","@id":"https:\/\/sextante.ucatolicaluisamigo.edu.co\/#\/schema\/person\/a610a54e361d9f9bebef436c17d8256b"},"headline":"Del like al voto: Influenciadores y pol\u00edticos en la disputa juvenil","datePublished":"2026-03-07T05:17:56+00:00","dateModified":"2026-03-07T05:17:57+00:00","mainEntityOfPage":{"@id":"https:\/\/sextante.ucatolicaluisamigo.edu.co\/?p=23256"},"wordCount":1244,"commentCount":0,"publisher":{"@id":"https:\/\/sextante.ucatolicaluisamigo.edu.co\/#organization"},"image":{"@id":"https:\/\/sextante.ucatolicaluisamigo.edu.co\/?p=23256#primaryimage"},"thumbnailUrl":"https:\/\/sextante.ucatolicaluisamigo.edu.co\/wp-content\/uploads\/2026\/03\/\u00bfInfluenciadores-al-senado-2-1.jpg","keywords":["Campa\u00f1a Digital","Elecciones 2026","Influencers","Influenciadores pol\u00edticos","J\u00f3venes","Redes sociales"],"articleSection":["Pol\u00edtica"],"inLanguage":"es-CO","potentialAction":[{"@type":"CommentAction","name":"Comment","target":["https:\/\/sextante.ucatolicaluisamigo.edu.co\/?p=23256#respond"]}]},{"@type":"WebPage","@id":"https:\/\/sextante.ucatolicaluisamigo.edu.co\/?p=23256","url":"https:\/\/sextante.ucatolicaluisamigo.edu.co\/?p=23256","name":"Del like al voto: Influenciadores y pol\u00edticos en la disputa juvenil - Sextante Digital","isPartOf":{"@id":"https:\/\/sextante.ucatolicaluisamigo.edu.co\/#website"},"primaryImageOfPage":{"@id":"https:\/\/sextante.ucatolicaluisamigo.edu.co\/?p=23256#primaryimage"},"image":{"@id":"https:\/\/sextante.ucatolicaluisamigo.edu.co\/?p=23256#primaryimage"},"thumbnailUrl":"https:\/\/sextante.ucatolicaluisamigo.edu.co\/wp-content\/uploads\/2026\/03\/\u00bfInfluenciadores-al-senado-2-1.jpg","datePublished":"2026-03-07T05:17:56+00:00","dateModified":"2026-03-07T05:17:57+00:00","description":"A pocos d\u00edas de las elecciones legislativas en Colombia, la pol\u00edtica se ha tomado las redes sociales. Influenciadores y pol\u00edticos tradicionales buscan captar la atenci\u00f3n de una generaci\u00f3n que consume informaci\u00f3n r\u00e1pida y exige cercan\u00eda, claridad y di\u00e1logo.","breadcrumb":{"@id":"https:\/\/sextante.ucatolicaluisamigo.edu.co\/?p=23256#breadcrumb"},"inLanguage":"es-CO","potentialAction":[{"@type":"ReadAction","target":["https:\/\/sextante.ucatolicaluisamigo.edu.co\/?p=23256"]}]},{"@type":"ImageObject","inLanguage":"es-CO","@id":"https:\/\/sextante.ucatolicaluisamigo.edu.co\/?p=23256#primaryimage","url":"https:\/\/sextante.ucatolicaluisamigo.edu.co\/wp-content\/uploads\/2026\/03\/\u00bfInfluenciadores-al-senado-2-1.jpg","contentUrl":"https:\/\/sextante.ucatolicaluisamigo.edu.co\/wp-content\/uploads\/2026\/03\/\u00bfInfluenciadores-al-senado-2-1.jpg","width":1920,"height":1080,"caption":"Del like al voto"},{"@type":"BreadcrumbList","@id":"https:\/\/sextante.ucatolicaluisamigo.edu.co\/?p=23256#breadcrumb","itemListElement":[{"@type":"ListItem","position":1,"name":"Inicio","item":"https:\/\/sextante.ucatolicaluisamigo.edu.co\/"},{"@type":"ListItem","position":2,"name":"Del like al voto: Influenciadores y pol\u00edticos en la disputa juvenil"}]},{"@type":"WebSite","@id":"https:\/\/sextante.ucatolicaluisamigo.edu.co\/#website","url":"https:\/\/sextante.ucatolicaluisamigo.edu.co\/","name":"Sextante Digital","description":"ISSN: en tr\u00e1mite","publisher":{"@id":"https:\/\/sextante.ucatolicaluisamigo.edu.co\/#organization"},"potentialAction":[{"@type":"SearchAction","target":{"@type":"EntryPoint","urlTemplate":"https:\/\/sextante.ucatolicaluisamigo.edu.co\/?s={search_term_string}"},"query-input":{"@type":"PropertyValueSpecification","valueRequired":true,"valueName":"search_term_string"}}],"inLanguage":"es-CO"},{"@type":"Organization","@id":"https:\/\/sextante.ucatolicaluisamigo.edu.co\/#organization","name":"Sextante Digital","url":"https:\/\/sextante.ucatolicaluisamigo.edu.co\/","logo":{"@type":"ImageObject","inLanguage":"es-CO","@id":"https:\/\/sextante.ucatolicaluisamigo.edu.co\/#\/schema\/logo\/image\/","url":"","contentUrl":"","caption":"Sextante Digital"},"image":{"@id":"https:\/\/sextante.ucatolicaluisamigo.edu.co\/#\/schema\/logo\/image\/"}},{"@type":"Person","@id":"https:\/\/sextante.ucatolicaluisamigo.edu.co\/#\/schema\/person\/a610a54e361d9f9bebef436c17d8256b","name":"grupo02 Sextante","sameAs":["https:\/\/sextante.ucatolicaluisamigo.edu.co\/"],"url":"https:\/\/sextante.ucatolicaluisamigo.edu.co\/?author=7"}]}},"_links":{"self":[{"href":"https:\/\/sextante.ucatolicaluisamigo.edu.co\/index.php?rest_route=\/wp\/v2\/posts\/23256","targetHints":{"allow":["GET"]}}],"collection":[{"href":"https:\/\/sextante.ucatolicaluisamigo.edu.co\/index.php?rest_route=\/wp\/v2\/posts"}],"about":[{"href":"https:\/\/sextante.ucatolicaluisamigo.edu.co\/index.php?rest_route=\/wp\/v2\/types\/post"}],"author":[{"embeddable":true,"href":"https:\/\/sextante.ucatolicaluisamigo.edu.co\/index.php?rest_route=\/wp\/v2\/users\/7"}],"replies":[{"embeddable":true,"href":"https:\/\/sextante.ucatolicaluisamigo.edu.co\/index.php?rest_route=%2Fwp%2Fv2%2Fcomments&post=23256"}],"version-history":[{"count":11,"href":"https:\/\/sextante.ucatolicaluisamigo.edu.co\/index.php?rest_route=\/wp\/v2\/posts\/23256\/revisions"}],"predecessor-version":[{"id":23420,"href":"https:\/\/sextante.ucatolicaluisamigo.edu.co\/index.php?rest_route=\/wp\/v2\/posts\/23256\/revisions\/23420"}],"wp:featuredmedia":[{"embeddable":true,"href":"https:\/\/sextante.ucatolicaluisamigo.edu.co\/index.php?rest_route=\/wp\/v2\/media\/23258"}],"wp:attachment":[{"href":"https:\/\/sextante.ucatolicaluisamigo.edu.co\/index.php?rest_route=%2Fwp%2Fv2%2Fmedia&parent=23256"}],"wp:term":[{"taxonomy":"category","embeddable":true,"href":"https:\/\/sextante.ucatolicaluisamigo.edu.co\/index.php?rest_route=%2Fwp%2Fv2%2Fcategories&post=23256"},{"taxonomy":"post_tag","embeddable":true,"href":"https:\/\/sextante.ucatolicaluisamigo.edu.co\/index.php?rest_route=%2Fwp%2Fv2%2Ftags&post=23256"}],"curies":[{"name":"wp","href":"https:\/\/api.w.org\/{rel}","templated":true}]}}