{"id":23261,"date":"2026-03-07T10:23:49","date_gmt":"2026-03-07T15:23:49","guid":{"rendered":"https:\/\/sextante.ucatolicaluisamigo.edu.co\/?p=23261"},"modified":"2026-03-11T11:06:19","modified_gmt":"2026-03-11T16:06:19","slug":"las-mujeres-que-quieren-llevar-la-voz-de-su-territorio-al-congreso","status":"publish","type":"post","link":"https:\/\/sextante.ucatolicaluisamigo.edu.co\/?p=23261","title":{"rendered":"Las mujeres que quieren llevar la voz de su territorio al Congreso"},"content":{"rendered":"\n<h2 class=\"wp-block-heading\">Las mujeres que quieren llevar la voz de su territorio al Congreso<\/h2>\n\n\n\n<p><strong><em>Por: <a href=\"mailto:isabela.garciasi@amigo.edu.co\">Isabela Garc\u00eda Sierra<\/a> y <a href=\"mailto:ariana.mestrame@amigo.edu.co\">Ariana Alejandra Mestra Mena\u00a0<\/a><\/em><\/strong><\/p>\n\n\n<div class=\"wp-block-post-date\"><time datetime=\"2026-03-07T04:36:53.700Z\">6 marzo, 2026<\/time><\/div>\n\n\n<figure class=\"wp-block-image size-large\"><img fetchpriority=\"high\" decoding=\"async\" width=\"1024\" height=\"768\" src=\"https:\/\/sextante.ucatolicaluisamigo.edu.co\/wp-content\/uploads\/2026\/03\/Candidatas-indigenas-1-1024x768.png\" alt=\"\" class=\"wp-image-23277\" srcset=\"https:\/\/sextante.ucatolicaluisamigo.edu.co\/wp-content\/uploads\/2026\/03\/Candidatas-indigenas-1-1024x768.png 1024w, https:\/\/sextante.ucatolicaluisamigo.edu.co\/wp-content\/uploads\/2026\/03\/Candidatas-indigenas-1-300x225.png 300w, https:\/\/sextante.ucatolicaluisamigo.edu.co\/wp-content\/uploads\/2026\/03\/Candidatas-indigenas-1-768x576.png 768w, https:\/\/sextante.ucatolicaluisamigo.edu.co\/wp-content\/uploads\/2026\/03\/Candidatas-indigenas-1-1536x1152.png 1536w, https:\/\/sextante.ucatolicaluisamigo.edu.co\/wp-content\/uploads\/2026\/03\/Candidatas-indigenas-1.png 1600w\" sizes=\"(max-width: 1024px) 100vw, 1024px\" \/><\/figure>\n\n\n\n<p>Durante a\u00f1os,  el Congreso ha estado conformado mayoritariamente por hombres, hoy en d\u00eda las mujeres representan una fuerza importante en las decisiones del pa\u00eds. Las <strong>candidatas al Congreso defienden luchas como los derechos a las mujeres o sus comunidades raizales.<\/strong> Un mensaje que empodera y es luz para el resto de la poblaci\u00f3n femenina en Colombia.&nbsp;&nbsp;<\/p>\n\n\n\n<p>Conforme al art\u00edculo publicado por la ONU Mujeres, las f\u00e9minas son l\u00edderes que ayudan a reivindicar sus derechos y fortalecer a sus comunidades, pero no cuentan con la participaci\u00f3n suficiente para ejercer el poder. La participaci\u00f3n de las mujeres es indispensable para el funcionamiento de la sociedad, <strong>pero ning\u00fan pa\u00eds ha logrado a plenitud garantizar en su participaci\u00f3n en pol\u00edticas p\u00fablicas<\/strong>, seg\u00fan la <a href=\"https:\/\/www.ohchr.org\/es\/treaty-bodies\/cedaw\/cedaw-your-daily-life\">CEDAW<\/a> (Convenci\u00f3n sobre la Eliminaci\u00f3n de todas las formas de Discriminaci\u00f3n contra la Mujer).&nbsp;<\/p>\n\n\n\n<p>En las pr\u00f3ximas elecciones al Congreso<strong>, <\/strong>del 8 de marzo<strong>,<\/strong> hay candidatas de diversos partidos pol\u00edticos: Sandra Claudia Chindoy Jamioy, Yaini Isabel Contreras Jim\u00e9nez y Blanca Larrada Palacio, mujeres ind\u00edgenas que inspiran a sus comunidades.&nbsp;<\/p>\n\n\n\n<p><strong>Ampl\u00ede la informaci\u00f3n:<\/strong> <a href=\"https:\/\/www.lasillavacia.com\/candidatos-al-congreso-2026\/\" target=\"_blank\" rel=\"noreferrer noopener\"><strong>Candidatos al congreso 2026<\/strong><\/a><\/p>\n\n\n\n<h4 class=\"wp-block-heading\"><strong>Candidatas ind\u00edgenas que unen regiones a trav\u00e9s de redes sociales<\/strong><\/h4>\n\n\n\n<p><a href=\"https:\/\/x.com\/sandra_chindoy\">Sandra Chindoy<\/a> visibiliza las problem\u00e1ticas de <strong>comunidades ind\u00edgenas<\/strong> en departamentos como Putumayo, Caquet\u00e1 y Vichada. Mediante sus redes sociales denuncia <strong>partidos pol\u00edticos<\/strong> de oposici\u00f3n y apuesta por el cambio<strong>. <\/strong><a href=\"https:\/\/vt.tiktok.com\/ZSmwNNSmU\/\">Yaini Contreras<\/a> ha liderado procesos de fortalecimiento de mujeres ind\u00edgenas, as\u00ed como la defensa de los <strong>derechos colectivos<\/strong> en su territorio. <a href=\"https:\/\/vt.tiktok.com\/ZSmcN2PSm\/\">Blanca Larrada<\/a> nombra a su campa\u00f1a como: &#8220;la propia voz del pueblo\u201d. Su candidatura pretende promover los derechos y la inclusi\u00f3n de los grupos \u00e9tnicos.&nbsp;<\/p>\n\n\n\n<p><strong>Le puede interesar: <\/strong><a href=\"https:\/\/www.semana.com\/mejor-colombia\/articulo\/mujeres-en-politica-avances-historicos-y-retos-para-que-crezca-su-participacion-en-el-congreso\/202610\/\" target=\"_blank\" rel=\"noreferrer noopener\"><strong>Mujeres en pol\u00edtica: avances hist\u00f3ricos y retos para que crezca su participaci\u00f3n en el Congreso<\/strong><\/a><\/p>\n\n\n\n<figure class=\"wp-block-image size-large\"><img decoding=\"async\" width=\"1024\" height=\"726\" src=\"https:\/\/sextante.ucatolicaluisamigo.edu.co\/wp-content\/uploads\/2026\/03\/Copia-de-Tarjeta-Postal-San-Valentin-Ilustrado-Blanco-y-Rosa-1024x726.png\" alt=\"\" class=\"wp-image-23392\" srcset=\"https:\/\/sextante.ucatolicaluisamigo.edu.co\/wp-content\/uploads\/2026\/03\/Copia-de-Tarjeta-Postal-San-Valentin-Ilustrado-Blanco-y-Rosa-1024x726.png 1024w, https:\/\/sextante.ucatolicaluisamigo.edu.co\/wp-content\/uploads\/2026\/03\/Copia-de-Tarjeta-Postal-San-Valentin-Ilustrado-Blanco-y-Rosa-300x213.png 300w, https:\/\/sextante.ucatolicaluisamigo.edu.co\/wp-content\/uploads\/2026\/03\/Copia-de-Tarjeta-Postal-San-Valentin-Ilustrado-Blanco-y-Rosa-768x545.png 768w, https:\/\/sextante.ucatolicaluisamigo.edu.co\/wp-content\/uploads\/2026\/03\/Copia-de-Tarjeta-Postal-San-Valentin-Ilustrado-Blanco-y-Rosa-1536x1090.png 1536w, https:\/\/sextante.ucatolicaluisamigo.edu.co\/wp-content\/uploads\/2026\/03\/Copia-de-Tarjeta-Postal-San-Valentin-Ilustrado-Blanco-y-Rosa.png 1748w\" sizes=\"(max-width: 1024px) 100vw, 1024px\" \/><figcaption class=\"wp-element-caption\">Ilustraci\u00f3n por: Ariana Mestra Mena<\/figcaption><\/figure>\n\n\n\n<p>Seg\u00fan el comunicador social de la UdeA y Mag\u00edster en Estudios Pol\u00edticos de la Universidad Nacional, Cristian Eduardo Blanco Garc\u00eda: <strong>\u201clas mujeres representan m\u00e1s de la mitad de la poblaci\u00f3n. Eso significa que tendr\u00edan que tener mayor participaci\u00f3n en el Congreso\u201d<\/strong>. Subray\u00f3 adem\u00e1s que, seg\u00fan la cantidad de habitantes de un departamento, tendr\u00e1n mayor representaci\u00f3n en el Congreso, es decir, departamentos como Cundinamarca, Antioquia, Valle del Cauca y los Santanderes contar\u00e1n con m\u00e1s participaci\u00f3n, debido a una mayor poblaci\u00f3n, en cambio Amazonas, Vaup\u00e9s y Putumayo, al tener&nbsp;menos habitantes, tendr\u00e1n menor representaci\u00f3n.&nbsp;<\/p>\n\n\n\n<figure class=\"wp-block-image size-full\"><img decoding=\"async\" width=\"940\" height=\"501\" src=\"https:\/\/sextante.ucatolicaluisamigo.edu.co\/wp-content\/uploads\/2026\/03\/1203E387-CD74-4D1C-AACC-A6F35833E49B.png\" alt=\"\" class=\"wp-image-23372\" srcset=\"https:\/\/sextante.ucatolicaluisamigo.edu.co\/wp-content\/uploads\/2026\/03\/1203E387-CD74-4D1C-AACC-A6F35833E49B.png 940w, https:\/\/sextante.ucatolicaluisamigo.edu.co\/wp-content\/uploads\/2026\/03\/1203E387-CD74-4D1C-AACC-A6F35833E49B-300x160.png 300w, https:\/\/sextante.ucatolicaluisamigo.edu.co\/wp-content\/uploads\/2026\/03\/1203E387-CD74-4D1C-AACC-A6F35833E49B-768x409.png 768w\" sizes=\"(max-width: 940px) 100vw, 940px\" \/><\/figure>\n\n\n\n<p>Las <strong>candidaturas de estas mujeres<\/strong> representan un nuevo comienzo para Colombia, abriendo espacios donde las poblaciones m\u00e1s vulnerables tengan voz en las decisiones del pa\u00eds. Son el reflejo de un liderazgo con prop\u00f3sito, uni\u00f3n y lucha por quienes m\u00e1s lo necesitan. La representaci\u00f3n femenina fortalece la democracia permitiendo que las decisiones p\u00fablicas reflejen mayor equidad en la sociedad.<\/p>\n\n\n\n<p><strong>Dato curioso: <\/strong><a href=\"https:\/\/elpais.com\/america-colombia\/elecciones-presidenciales\/2026-02-27\/gaitana-ia-la-candidatura-hecha-con-inteligencia-artificial-para-ganar-una-curul-en-el-congreso-de-colombia.html\" target=\"_blank\" rel=\"noreferrer noopener\"><strong>Gaitana IA, la candidatura hecha con IA para ganar una curul en el Congreso de Colombia<\/strong><\/a><\/p>\n\n\n\n<p><\/p>\n","protected":false},"excerpt":{"rendered":"<p>Las mujeres que quieren llevar la voz de su territorio al Congreso Por: Isabela Garc\u00eda Sierra y Ariana Alejandra Mestra Mena\u00a0 Durante a\u00f1os, el Congreso ha estado conformado mayoritariamente por hombres, hoy en d\u00eda las mujeres representan una fuerza importante en las decisiones del pa\u00eds. Las candidatas al Congreso defienden luchas como los derechos a&#8230;<\/p>\n","protected":false},"author":7,"featured_media":23392,"comment_status":"open","ping_status":"closed","sticky":false,"template":"","format":"standard","meta":{"footnotes":""},"categories":[1390,129],"tags":[1723,1713,1724],"class_list":["post-23261","post","type-post","status-publish","format-standard","has-post-thumbnail","hentry","category-mujeres","category-politica","tag-candidatas-congreso","tag-elecciones-legislativas-2026","tag-mujeres-indigenas"],"yoast_head":"<!-- This site is optimized with the Yoast SEO plugin v26.4 - https:\/\/yoast.com\/wordpress\/plugins\/seo\/ -->\n<title>Las mujeres que quieren llevar la voz de su territorio al Congreso - Sextante Digital<\/title>\n<meta name=\"description\" content=\"En las pr\u00f3ximas elecciones al Congreso, del 8 de marzo, hay candidatas de diversos partidos pol\u00edticos: Sandra Claudia Chindoy Jamioy, Yaini Isabel Contreras Jim\u00e9nez y Blanca Larrada Palacio, mujeres ind\u00edgenas que inspiran a sus comunidades.\u00a0\" \/>\n<meta name=\"robots\" content=\"index, follow, max-snippet:-1, max-image-preview:large, max-video-preview:-1\" \/>\n<link rel=\"canonical\" href=\"https:\/\/sextante.ucatolicaluisamigo.edu.co\/?p=23261\" \/>\n<meta property=\"og:locale\" content=\"es_ES\" \/>\n<meta property=\"og:type\" content=\"article\" \/>\n<meta property=\"og:title\" content=\"Las mujeres que quieren llevar la voz de su territorio al Congreso - Sextante Digital\" \/>\n<meta property=\"og:description\" content=\"En las pr\u00f3ximas elecciones al Congreso, del 8 de marzo, hay candidatas de diversos partidos pol\u00edticos: Sandra Claudia Chindoy Jamioy, Yaini Isabel Contreras Jim\u00e9nez y Blanca Larrada Palacio, mujeres ind\u00edgenas que inspiran a sus comunidades.\u00a0\" \/>\n<meta property=\"og:url\" content=\"https:\/\/sextante.ucatolicaluisamigo.edu.co\/?p=23261\" \/>\n<meta property=\"og:site_name\" content=\"Sextante Digital\" \/>\n<meta property=\"article:published_time\" content=\"2026-03-07T15:23:49+00:00\" \/>\n<meta property=\"article:modified_time\" content=\"2026-03-11T16:06:19+00:00\" \/>\n<meta property=\"og:image\" content=\"https:\/\/sextante.ucatolicaluisamigo.edu.co\/wp-content\/uploads\/2026\/03\/Copia-de-Tarjeta-Postal-San-Valentin-Ilustrado-Blanco-y-Rosa.png\" \/>\n\t<meta property=\"og:image:width\" content=\"1748\" \/>\n\t<meta property=\"og:image:height\" content=\"1240\" \/>\n\t<meta property=\"og:image:type\" content=\"image\/png\" \/>\n<meta name=\"author\" content=\"grupo02 Sextante\" \/>\n<meta name=\"twitter:card\" content=\"summary_large_image\" \/>\n<meta name=\"twitter:label1\" content=\"Escrito por\" \/>\n\t<meta name=\"twitter:data1\" content=\"grupo02 Sextante\" \/>\n\t<meta name=\"twitter:label2\" content=\"Tiempo de lectura\" \/>\n\t<meta name=\"twitter:data2\" content=\"3 minutos\" \/>\n<script type=\"application\/ld+json\" class=\"yoast-schema-graph\">{\"@context\":\"https:\/\/schema.org\",\"@graph\":[{\"@type\":\"Article\",\"@id\":\"https:\/\/sextante.ucatolicaluisamigo.edu.co\/?p=23261#article\",\"isPartOf\":{\"@id\":\"https:\/\/sextante.ucatolicaluisamigo.edu.co\/?p=23261\"},\"author\":{\"name\":\"grupo02 Sextante\",\"@id\":\"https:\/\/sextante.ucatolicaluisamigo.edu.co\/#\/schema\/person\/a610a54e361d9f9bebef436c17d8256b\"},\"headline\":\"Las mujeres que quieren llevar la voz de su territorio al Congreso\",\"datePublished\":\"2026-03-07T15:23:49+00:00\",\"dateModified\":\"2026-03-11T16:06:19+00:00\",\"mainEntityOfPage\":{\"@id\":\"https:\/\/sextante.ucatolicaluisamigo.edu.co\/?p=23261\"},\"wordCount\":553,\"commentCount\":0,\"publisher\":{\"@id\":\"https:\/\/sextante.ucatolicaluisamigo.edu.co\/#organization\"},\"image\":{\"@id\":\"https:\/\/sextante.ucatolicaluisamigo.edu.co\/?p=23261#primaryimage\"},\"thumbnailUrl\":\"https:\/\/sextante.ucatolicaluisamigo.edu.co\/wp-content\/uploads\/2026\/03\/Copia-de-Tarjeta-Postal-San-Valentin-Ilustrado-Blanco-y-Rosa.png\",\"keywords\":[\"Candidatas Congreso\",\"Elecciones Legislativas 2026\",\"Mujeres ind\u00edgenas\"],\"articleSection\":[\"Mujeres\",\"Pol\u00edtica\"],\"inLanguage\":\"es-CO\",\"potentialAction\":[{\"@type\":\"CommentAction\",\"name\":\"Comment\",\"target\":[\"https:\/\/sextante.ucatolicaluisamigo.edu.co\/?p=23261#respond\"]}]},{\"@type\":\"WebPage\",\"@id\":\"https:\/\/sextante.ucatolicaluisamigo.edu.co\/?p=23261\",\"url\":\"https:\/\/sextante.ucatolicaluisamigo.edu.co\/?p=23261\",\"name\":\"Las mujeres que quieren llevar la voz de su territorio al Congreso - Sextante Digital\",\"isPartOf\":{\"@id\":\"https:\/\/sextante.ucatolicaluisamigo.edu.co\/#website\"},\"primaryImageOfPage\":{\"@id\":\"https:\/\/sextante.ucatolicaluisamigo.edu.co\/?p=23261#primaryimage\"},\"image\":{\"@id\":\"https:\/\/sextante.ucatolicaluisamigo.edu.co\/?p=23261#primaryimage\"},\"thumbnailUrl\":\"https:\/\/sextante.ucatolicaluisamigo.edu.co\/wp-content\/uploads\/2026\/03\/Copia-de-Tarjeta-Postal-San-Valentin-Ilustrado-Blanco-y-Rosa.png\",\"datePublished\":\"2026-03-07T15:23:49+00:00\",\"dateModified\":\"2026-03-11T16:06:19+00:00\",\"description\":\"En las pr\u00f3ximas elecciones al Congreso, del 8 de marzo, hay candidatas de diversos partidos pol\u00edticos: Sandra Claudia Chindoy Jamioy, Yaini Isabel Contreras Jim\u00e9nez y Blanca Larrada Palacio, mujeres ind\u00edgenas que inspiran a sus comunidades.\u00a0\",\"breadcrumb\":{\"@id\":\"https:\/\/sextante.ucatolicaluisamigo.edu.co\/?p=23261#breadcrumb\"},\"inLanguage\":\"es-CO\",\"potentialAction\":[{\"@type\":\"ReadAction\",\"target\":[\"https:\/\/sextante.ucatolicaluisamigo.edu.co\/?p=23261\"]}]},{\"@type\":\"ImageObject\",\"inLanguage\":\"es-CO\",\"@id\":\"https:\/\/sextante.ucatolicaluisamigo.edu.co\/?p=23261#primaryimage\",\"url\":\"https:\/\/sextante.ucatolicaluisamigo.edu.co\/wp-content\/uploads\/2026\/03\/Copia-de-Tarjeta-Postal-San-Valentin-Ilustrado-Blanco-y-Rosa.png\",\"contentUrl\":\"https:\/\/sextante.ucatolicaluisamigo.edu.co\/wp-content\/uploads\/2026\/03\/Copia-de-Tarjeta-Postal-San-Valentin-Ilustrado-Blanco-y-Rosa.png\",\"width\":1748,\"height\":1240,\"caption\":\"Mujeres Congreso\"},{\"@type\":\"BreadcrumbList\",\"@id\":\"https:\/\/sextante.ucatolicaluisamigo.edu.co\/?p=23261#breadcrumb\",\"itemListElement\":[{\"@type\":\"ListItem\",\"position\":1,\"name\":\"Inicio\",\"item\":\"https:\/\/sextante.ucatolicaluisamigo.edu.co\/\"},{\"@type\":\"ListItem\",\"position\":2,\"name\":\"Las mujeres que quieren llevar la voz de su territorio al Congreso\"}]},{\"@type\":\"WebSite\",\"@id\":\"https:\/\/sextante.ucatolicaluisamigo.edu.co\/#website\",\"url\":\"https:\/\/sextante.ucatolicaluisamigo.edu.co\/\",\"name\":\"Sextante Digital\",\"description\":\"ISSN: en tr\u00e1mite\",\"publisher\":{\"@id\":\"https:\/\/sextante.ucatolicaluisamigo.edu.co\/#organization\"},\"potentialAction\":[{\"@type\":\"SearchAction\",\"target\":{\"@type\":\"EntryPoint\",\"urlTemplate\":\"https:\/\/sextante.ucatolicaluisamigo.edu.co\/?s={search_term_string}\"},\"query-input\":{\"@type\":\"PropertyValueSpecification\",\"valueRequired\":true,\"valueName\":\"search_term_string\"}}],\"inLanguage\":\"es-CO\"},{\"@type\":\"Organization\",\"@id\":\"https:\/\/sextante.ucatolicaluisamigo.edu.co\/#organization\",\"name\":\"Sextante Digital\",\"url\":\"https:\/\/sextante.ucatolicaluisamigo.edu.co\/\",\"logo\":{\"@type\":\"ImageObject\",\"inLanguage\":\"es-CO\",\"@id\":\"https:\/\/sextante.ucatolicaluisamigo.edu.co\/#\/schema\/logo\/image\/\",\"url\":\"\",\"contentUrl\":\"\",\"caption\":\"Sextante Digital\"},\"image\":{\"@id\":\"https:\/\/sextante.ucatolicaluisamigo.edu.co\/#\/schema\/logo\/image\/\"}},{\"@type\":\"Person\",\"@id\":\"https:\/\/sextante.ucatolicaluisamigo.edu.co\/#\/schema\/person\/a610a54e361d9f9bebef436c17d8256b\",\"name\":\"grupo02 Sextante\",\"sameAs\":[\"https:\/\/sextante.ucatolicaluisamigo.edu.co\/\"],\"url\":\"https:\/\/sextante.ucatolicaluisamigo.edu.co\/?author=7\"}]}<\/script>\n<!-- \/ Yoast SEO plugin. -->","yoast_head_json":{"title":"Las mujeres que quieren llevar la voz de su territorio al Congreso - Sextante Digital","description":"En las pr\u00f3ximas elecciones al Congreso, del 8 de marzo, hay candidatas de diversos partidos pol\u00edticos: Sandra Claudia Chindoy Jamioy, Yaini Isabel Contreras Jim\u00e9nez y Blanca Larrada Palacio, mujeres ind\u00edgenas que inspiran a sus comunidades.\u00a0","robots":{"index":"index","follow":"follow","max-snippet":"max-snippet:-1","max-image-preview":"max-image-preview:large","max-video-preview":"max-video-preview:-1"},"canonical":"https:\/\/sextante.ucatolicaluisamigo.edu.co\/?p=23261","og_locale":"es_ES","og_type":"article","og_title":"Las mujeres que quieren llevar la voz de su territorio al Congreso - Sextante Digital","og_description":"En las pr\u00f3ximas elecciones al Congreso, del 8 de marzo, hay candidatas de diversos partidos pol\u00edticos: Sandra Claudia Chindoy Jamioy, Yaini Isabel Contreras Jim\u00e9nez y Blanca Larrada Palacio, mujeres ind\u00edgenas que inspiran a sus comunidades.\u00a0","og_url":"https:\/\/sextante.ucatolicaluisamigo.edu.co\/?p=23261","og_site_name":"Sextante Digital","article_published_time":"2026-03-07T15:23:49+00:00","article_modified_time":"2026-03-11T16:06:19+00:00","og_image":[{"width":1748,"height":1240,"url":"https:\/\/sextante.ucatolicaluisamigo.edu.co\/wp-content\/uploads\/2026\/03\/Copia-de-Tarjeta-Postal-San-Valentin-Ilustrado-Blanco-y-Rosa.png","type":"image\/png"}],"author":"grupo02 Sextante","twitter_card":"summary_large_image","twitter_misc":{"Escrito por":"grupo02 Sextante","Tiempo de lectura":"3 minutos"},"schema":{"@context":"https:\/\/schema.org","@graph":[{"@type":"Article","@id":"https:\/\/sextante.ucatolicaluisamigo.edu.co\/?p=23261#article","isPartOf":{"@id":"https:\/\/sextante.ucatolicaluisamigo.edu.co\/?p=23261"},"author":{"name":"grupo02 Sextante","@id":"https:\/\/sextante.ucatolicaluisamigo.edu.co\/#\/schema\/person\/a610a54e361d9f9bebef436c17d8256b"},"headline":"Las mujeres que quieren llevar la voz de su territorio al Congreso","datePublished":"2026-03-07T15:23:49+00:00","dateModified":"2026-03-11T16:06:19+00:00","mainEntityOfPage":{"@id":"https:\/\/sextante.ucatolicaluisamigo.edu.co\/?p=23261"},"wordCount":553,"commentCount":0,"publisher":{"@id":"https:\/\/sextante.ucatolicaluisamigo.edu.co\/#organization"},"image":{"@id":"https:\/\/sextante.ucatolicaluisamigo.edu.co\/?p=23261#primaryimage"},"thumbnailUrl":"https:\/\/sextante.ucatolicaluisamigo.edu.co\/wp-content\/uploads\/2026\/03\/Copia-de-Tarjeta-Postal-San-Valentin-Ilustrado-Blanco-y-Rosa.png","keywords":["Candidatas Congreso","Elecciones Legislativas 2026","Mujeres ind\u00edgenas"],"articleSection":["Mujeres","Pol\u00edtica"],"inLanguage":"es-CO","potentialAction":[{"@type":"CommentAction","name":"Comment","target":["https:\/\/sextante.ucatolicaluisamigo.edu.co\/?p=23261#respond"]}]},{"@type":"WebPage","@id":"https:\/\/sextante.ucatolicaluisamigo.edu.co\/?p=23261","url":"https:\/\/sextante.ucatolicaluisamigo.edu.co\/?p=23261","name":"Las mujeres que quieren llevar la voz de su territorio al Congreso - Sextante Digital","isPartOf":{"@id":"https:\/\/sextante.ucatolicaluisamigo.edu.co\/#website"},"primaryImageOfPage":{"@id":"https:\/\/sextante.ucatolicaluisamigo.edu.co\/?p=23261#primaryimage"},"image":{"@id":"https:\/\/sextante.ucatolicaluisamigo.edu.co\/?p=23261#primaryimage"},"thumbnailUrl":"https:\/\/sextante.ucatolicaluisamigo.edu.co\/wp-content\/uploads\/2026\/03\/Copia-de-Tarjeta-Postal-San-Valentin-Ilustrado-Blanco-y-Rosa.png","datePublished":"2026-03-07T15:23:49+00:00","dateModified":"2026-03-11T16:06:19+00:00","description":"En las pr\u00f3ximas elecciones al Congreso, del 8 de marzo, hay candidatas de diversos partidos pol\u00edticos: Sandra Claudia Chindoy Jamioy, Yaini Isabel Contreras Jim\u00e9nez y Blanca Larrada Palacio, mujeres ind\u00edgenas que inspiran a sus comunidades.\u00a0","breadcrumb":{"@id":"https:\/\/sextante.ucatolicaluisamigo.edu.co\/?p=23261#breadcrumb"},"inLanguage":"es-CO","potentialAction":[{"@type":"ReadAction","target":["https:\/\/sextante.ucatolicaluisamigo.edu.co\/?p=23261"]}]},{"@type":"ImageObject","inLanguage":"es-CO","@id":"https:\/\/sextante.ucatolicaluisamigo.edu.co\/?p=23261#primaryimage","url":"https:\/\/sextante.ucatolicaluisamigo.edu.co\/wp-content\/uploads\/2026\/03\/Copia-de-Tarjeta-Postal-San-Valentin-Ilustrado-Blanco-y-Rosa.png","contentUrl":"https:\/\/sextante.ucatolicaluisamigo.edu.co\/wp-content\/uploads\/2026\/03\/Copia-de-Tarjeta-Postal-San-Valentin-Ilustrado-Blanco-y-Rosa.png","width":1748,"height":1240,"caption":"Mujeres Congreso"},{"@type":"BreadcrumbList","@id":"https:\/\/sextante.ucatolicaluisamigo.edu.co\/?p=23261#breadcrumb","itemListElement":[{"@type":"ListItem","position":1,"name":"Inicio","item":"https:\/\/sextante.ucatolicaluisamigo.edu.co\/"},{"@type":"ListItem","position":2,"name":"Las mujeres que quieren llevar la voz de su territorio al Congreso"}]},{"@type":"WebSite","@id":"https:\/\/sextante.ucatolicaluisamigo.edu.co\/#website","url":"https:\/\/sextante.ucatolicaluisamigo.edu.co\/","name":"Sextante Digital","description":"ISSN: en tr\u00e1mite","publisher":{"@id":"https:\/\/sextante.ucatolicaluisamigo.edu.co\/#organization"},"potentialAction":[{"@type":"SearchAction","target":{"@type":"EntryPoint","urlTemplate":"https:\/\/sextante.ucatolicaluisamigo.edu.co\/?s={search_term_string}"},"query-input":{"@type":"PropertyValueSpecification","valueRequired":true,"valueName":"search_term_string"}}],"inLanguage":"es-CO"},{"@type":"Organization","@id":"https:\/\/sextante.ucatolicaluisamigo.edu.co\/#organization","name":"Sextante Digital","url":"https:\/\/sextante.ucatolicaluisamigo.edu.co\/","logo":{"@type":"ImageObject","inLanguage":"es-CO","@id":"https:\/\/sextante.ucatolicaluisamigo.edu.co\/#\/schema\/logo\/image\/","url":"","contentUrl":"","caption":"Sextante Digital"},"image":{"@id":"https:\/\/sextante.ucatolicaluisamigo.edu.co\/#\/schema\/logo\/image\/"}},{"@type":"Person","@id":"https:\/\/sextante.ucatolicaluisamigo.edu.co\/#\/schema\/person\/a610a54e361d9f9bebef436c17d8256b","name":"grupo02 Sextante","sameAs":["https:\/\/sextante.ucatolicaluisamigo.edu.co\/"],"url":"https:\/\/sextante.ucatolicaluisamigo.edu.co\/?author=7"}]}},"_links":{"self":[{"href":"https:\/\/sextante.ucatolicaluisamigo.edu.co\/index.php?rest_route=\/wp\/v2\/posts\/23261","targetHints":{"allow":["GET"]}}],"collection":[{"href":"https:\/\/sextante.ucatolicaluisamigo.edu.co\/index.php?rest_route=\/wp\/v2\/posts"}],"about":[{"href":"https:\/\/sextante.ucatolicaluisamigo.edu.co\/index.php?rest_route=\/wp\/v2\/types\/post"}],"author":[{"embeddable":true,"href":"https:\/\/sextante.ucatolicaluisamigo.edu.co\/index.php?rest_route=\/wp\/v2\/users\/7"}],"replies":[{"embeddable":true,"href":"https:\/\/sextante.ucatolicaluisamigo.edu.co\/index.php?rest_route=%2Fwp%2Fv2%2Fcomments&post=23261"}],"version-history":[{"count":11,"href":"https:\/\/sextante.ucatolicaluisamigo.edu.co\/index.php?rest_route=\/wp\/v2\/posts\/23261\/revisions"}],"predecessor-version":[{"id":23601,"href":"https:\/\/sextante.ucatolicaluisamigo.edu.co\/index.php?rest_route=\/wp\/v2\/posts\/23261\/revisions\/23601"}],"wp:featuredmedia":[{"embeddable":true,"href":"https:\/\/sextante.ucatolicaluisamigo.edu.co\/index.php?rest_route=\/wp\/v2\/media\/23392"}],"wp:attachment":[{"href":"https:\/\/sextante.ucatolicaluisamigo.edu.co\/index.php?rest_route=%2Fwp%2Fv2%2Fmedia&parent=23261"}],"wp:term":[{"taxonomy":"category","embeddable":true,"href":"https:\/\/sextante.ucatolicaluisamigo.edu.co\/index.php?rest_route=%2Fwp%2Fv2%2Fcategories&post=23261"},{"taxonomy":"post_tag","embeddable":true,"href":"https:\/\/sextante.ucatolicaluisamigo.edu.co\/index.php?rest_route=%2Fwp%2Fv2%2Ftags&post=23261"}],"curies":[{"name":"wp","href":"https:\/\/api.w.org\/{rel}","templated":true}]}}