{"id":23266,"date":"2026-03-07T00:39:22","date_gmt":"2026-03-07T05:39:22","guid":{"rendered":"https:\/\/sextante.ucatolicaluisamigo.edu.co\/?p=23266"},"modified":"2026-03-10T17:20:29","modified_gmt":"2026-03-10T22:20:29","slug":"jovenes-candidatos-frente-a-un-congreso-que-no-genera-confianza","status":"publish","type":"post","link":"https:\/\/sextante.ucatolicaluisamigo.edu.co\/?p=23266","title":{"rendered":"J\u00f3venes candidatos frente a un Congreso que no genera confianza"},"content":{"rendered":"\n<h2 class=\"wp-block-heading\">J\u00f3venes candidatos frente a un Congreso que no genera confianza<\/h2>\n\n\n\n<h5 class=\"wp-block-heading\">El 8 de marzo, Colombia elige el Congreso para el per\u00edodo 2026\u20132030 en un contexto marcado por la desconfianza ciudadana y la baja participaci\u00f3n juvenil. <\/h5>\n\n\n\n<p><strong><em>Por: <a href=\"mailto:maria.blandonor@amigo.edu.co\">Mar\u00eda Jos\u00e9 Bland\u00f3n<\/a> &#8211; <a href=\"mailto:ana.diazva@amigo.edu.co\">Ana Sof\u00eda D\u00edaz<\/a> &#8211; <a href=\"mailto:daniela.rendonas@amigo.edu.co\">Daniela Rend\u00f3n<\/a> &#8211; <a href=\"mailto:luna.sanchezmo@amigo.edu.co\">Luna S\u00e1nchez<\/a><\/em><\/strong><\/p>\n\n\n<div class=\"wp-block-post-date\"><time datetime=\"2026-03-06T22:59:23.812Z\">6 marzo, 2026<\/time><\/div>\n\n\n<p><\/p>\n\n\n\n<h6 class=\"wp-block-heading\">\u00bfA qui\u00e9n le hablan los candidatos j\u00f3venes, si los j\u00f3venes no est\u00e1n escuchando?<\/h6>\n\n\n\n<p>La <a href=\"https:\/\/www.comfama.com\/conoce-comfama\/encuesta-mundial-de-valores\/\" target=\"_blank\" rel=\"noreferrer noopener\">Encuesta Mundial de Valores<\/a>, presentada en Medell\u00edn en octubre de 2025, lo deja claro: solo el 6% de los colombianos conf\u00eda en el Congreso y apenas el 4% en los partidos pol\u00edticos. Sobre ese terreno fr\u00e1gil llegan candidatos que agitan una agenda joven como bandera.<\/p>\n\n\n\n<p>Las cifras no muestran apat\u00eda, sino distancia. En las elecciones de Consejos de Juventud de 2025, \u00fanicamente el 12,7 % de los j\u00f3venes habilitados vot\u00f3. Adem\u00e1s, el 61 % considera importante vivir en democracia, pero solo el 37 % afirma sentirse representado por el sistema pol\u00edtico. El reto no es motivar a participar, sino recuperar la credibilidad.<\/p>\n\n\n\n<p>En este contexto aparecen candidaturas j\u00f3venes en Antioquia que buscan posicionarse como una alternativa generacional. En el caso de <a href=\"https:\/\/www.facebook.com\/zuluaga.alejandra\/?locale=es_LA\" target=\"_blank\" rel=\"noreferrer noopener\">Alejandra Sanchez Zuluaga<\/a>, con 27 a\u00f1os de edad, su discurso se ha enfocado en la <strong>participaci\u00f3n ciudadana<\/strong> en mujeres y j\u00f3venes, y presenta propuestas basadas en el derecho a la vivienda, usando el lema \u201cde aqu\u00ed no nos sacan\u201d. Por otro lado <a href=\"https:\/\/creemoscolombia.org\/candidatos\/jose-miguel-zuluaga\/\" target=\"_blank\" rel=\"noreferrer noopener\">Jos\u00e9 Miguel Zuluaga<\/a>, prioriza la seguridad para el desarrollo social, planteando leyes \u201cantimafia\u201d y reforma del c\u00f3digo penal para la extorsi\u00f3n.<\/p>\n\n\n\n<div class=\"wp-block-columns is-layout-flex wp-container-core-columns-is-layout-9d6595d7 wp-block-columns-is-layout-flex\">\n<div class=\"wp-block-column is-layout-flow wp-block-column-is-layout-flow\">\n<iframe src=\"https:\/\/www.facebook.com\/plugins\/post.php?href=https%3A%2F%2Fwww.facebook.com%2Fphoto.php%3Ffbid%3D26099747182994963%26set%3Da.851817788214584%26type%3D3&#038;show_text=true&#038;width=500\" width=\"500\" height=\"709\" style=\"border:none;overflow:hidden\" scrolling=\"no\" frameborder=\"0\" allowfullscreen=\"true\" allow=\"autoplay; clipboard-write; encrypted-media; picture-in-picture; web-share\"><\/iframe>\n<\/div>\n\n\n\n<div class=\"wp-block-column is-layout-flow wp-block-column-is-layout-flow\">\n<iframe src=\"https:\/\/www.facebook.com\/plugins\/post.php?href=https%3A%2F%2Fwww.facebook.com%2Fphoto.php%3Ffbid%3D10164036900425789%26set%3Da.10150497696215789%26type%3D3&#038;show_text=true&#038;width=500\" width=\"500\" height=\"723\" style=\"border:none;overflow:hidden\" scrolling=\"no\" frameborder=\"0\" allowfullscreen=\"true\" allow=\"autoplay; clipboard-write; encrypted-media; picture-in-picture; web-share\"><\/iframe>\n<\/div>\n<\/div>\n\n\n\n<p>No se trata s\u00f3lo de cu\u00e1ntos a\u00f1os tiene un candidato, sino de qu\u00e9 tan capaz es de convertir sus ideas en resultados reales. El debate se nutre de la diferencia y la diversidad y la juventud puede traer temas que antes no estaban en el centro del debate, pero la experiencia tambi\u00e9n pesa cuando se trata de mover proyectos dentro del Congreso. La pregunta es si realmente van a <strong>marcar una diferencia<\/strong> o si todo quedar\u00e1 en un cambio de caras dentro de la misma din\u00e1mica pol\u00edtica de siempre.<\/p>\n\n\n\n<figure class=\"wp-block-table\"><table class=\"has-fixed-layout\"><thead><tr><th><strong>Categor\u00eda&nbsp;<\/strong><br><br><\/th><th><strong>Candidatos tradicionales<\/strong><\/th><th>Candidatos j\u00f3venes<\/th><\/tr><\/thead><tbody><tr><td><strong>Enfoque central<\/strong><\/td><td>Gesti\u00f3n de recursos, infraestructura, seguridad, presupuesto departamental<\/td><td>Vivienda, defensa del territorio, cultura y participaci\u00f3n ciudadana.<br>Empleo juvenil, tecnolog\u00eda, turismo y seguridad.<\/td><\/tr><tr><td><strong>Relaci\u00f3n con j\u00f3venes<\/strong><\/td><td>Hablan de empleo y educaci\u00f3n de manera general.<\/td><td>Propuestas para generar oportunidades laborales y econ\u00f3micas para j\u00f3venes en las ciudades.<\/td><\/tr><tr><td><strong>Fortaleza principal<\/strong><\/td><td>Conocen el Congreso y c\u00f3mo negociar proyectos.<\/td><td>Conectan con las luchas sociales actuales y tienen formaci\u00f3n t\u00e9cnica y experiencia administrativa.<\/td><\/tr><\/tbody><\/table><\/figure>\n\n\n\n<p>La experiencia comparada en la regi\u00f3n muestra que la renovaci\u00f3n pol\u00edtica no se da \u00fanicamente por la edad de los candidatos, sino por cambios estructurales en educaci\u00f3n c\u00edvica, transparencia y rendici\u00f3n de cuentas. La juventud puede <strong>dinamizar <\/strong>el debate, introducir nuevas formas de comunicaci\u00f3n y conectar con preocupaciones actuales, pero el verdadero impacto se medir\u00e1 en resultados legislativos y en la capacidad de reconstruir la confianza perdida.<\/p>\n\n\n\n<p>M\u00e1s que una disputa entre juventud y experiencia, estas elecciones ponen en evidencia una tensi\u00f3n mayor: c\u00f3mo lograr que una generaci\u00f3n que cree en la democracia vuelva a creer tambi\u00e9n en quienes la representan.<\/p>\n\n\n\n<p><\/p>\n\n\n\n<p><\/p>\n","protected":false},"excerpt":{"rendered":"<p>J\u00f3venes candidatos frente a un Congreso que no genera confianza El 8 de marzo, Colombia elige el Congreso para el per\u00edodo 2026\u20132030 en un contexto marcado por la desconfianza ciudadana y la baja participaci\u00f3n juvenil. Por: Mar\u00eda Jos\u00e9 Bland\u00f3n &#8211; Ana Sof\u00eda D\u00edaz &#8211; Daniela Rend\u00f3n &#8211; Luna S\u00e1nchez \u00bfA qui\u00e9n le hablan los candidatos&#8230;<\/p>\n","protected":false},"author":7,"featured_media":0,"comment_status":"open","ping_status":"closed","sticky":false,"template":"","format":"standard","meta":{"footnotes":""},"categories":[129],"tags":[1719,1712,230,1720],"class_list":["post-23266","post","type-post","status-publish","format-standard","hentry","category-politica","tag-candidatos-jovenes","tag-elecciones-2026","tag-jovenes","tag-juventud"],"yoast_head":"<!-- This site is optimized with the Yoast SEO plugin v26.4 - https:\/\/yoast.com\/wordpress\/plugins\/seo\/ -->\n<title>J\u00f3venes candidatos frente a un Congreso que no genera confianza - Sextante Digital<\/title>\n<meta name=\"description\" content=\"El 8 de marzo, Colombia elige el Congreso para el per\u00edodo 2026\u20132030 en un contexto marcado por la desconfianza ciudadana y la baja participaci\u00f3n juvenil.\" \/>\n<meta name=\"robots\" content=\"index, follow, max-snippet:-1, max-image-preview:large, max-video-preview:-1\" \/>\n<link rel=\"canonical\" href=\"https:\/\/sextante.ucatolicaluisamigo.edu.co\/?p=23266\" \/>\n<meta property=\"og:locale\" content=\"es_ES\" \/>\n<meta property=\"og:type\" content=\"article\" \/>\n<meta property=\"og:title\" content=\"J\u00f3venes candidatos frente a un Congreso que no genera confianza - Sextante Digital\" \/>\n<meta property=\"og:description\" content=\"El 8 de marzo, Colombia elige el Congreso para el per\u00edodo 2026\u20132030 en un contexto marcado por la desconfianza ciudadana y la baja participaci\u00f3n juvenil.\" \/>\n<meta property=\"og:url\" content=\"https:\/\/sextante.ucatolicaluisamigo.edu.co\/?p=23266\" \/>\n<meta property=\"og:site_name\" content=\"Sextante Digital\" \/>\n<meta property=\"article:published_time\" content=\"2026-03-07T05:39:22+00:00\" \/>\n<meta property=\"article:modified_time\" content=\"2026-03-10T22:20:29+00:00\" \/>\n<meta name=\"author\" content=\"grupo02 Sextante\" \/>\n<meta name=\"twitter:card\" content=\"summary_large_image\" \/>\n<meta name=\"twitter:label1\" content=\"Escrito por\" \/>\n\t<meta name=\"twitter:data1\" content=\"grupo02 Sextante\" \/>\n\t<meta name=\"twitter:label2\" content=\"Tiempo de lectura\" \/>\n\t<meta name=\"twitter:data2\" content=\"3 minutos\" \/>\n<script type=\"application\/ld+json\" class=\"yoast-schema-graph\">{\"@context\":\"https:\/\/schema.org\",\"@graph\":[{\"@type\":\"Article\",\"@id\":\"https:\/\/sextante.ucatolicaluisamigo.edu.co\/?p=23266#article\",\"isPartOf\":{\"@id\":\"https:\/\/sextante.ucatolicaluisamigo.edu.co\/?p=23266\"},\"author\":{\"name\":\"grupo02 Sextante\",\"@id\":\"https:\/\/sextante.ucatolicaluisamigo.edu.co\/#\/schema\/person\/a610a54e361d9f9bebef436c17d8256b\"},\"headline\":\"J\u00f3venes candidatos frente a un Congreso que no genera confianza\",\"datePublished\":\"2026-03-07T05:39:22+00:00\",\"dateModified\":\"2026-03-10T22:20:29+00:00\",\"mainEntityOfPage\":{\"@id\":\"https:\/\/sextante.ucatolicaluisamigo.edu.co\/?p=23266\"},\"wordCount\":567,\"commentCount\":0,\"publisher\":{\"@id\":\"https:\/\/sextante.ucatolicaluisamigo.edu.co\/#organization\"},\"keywords\":[\"Candidatos j\u00f3venes\",\"Elecciones 2026\",\"J\u00f3venes\",\"Juventud\"],\"articleSection\":[\"Pol\u00edtica\"],\"inLanguage\":\"es-CO\",\"potentialAction\":[{\"@type\":\"CommentAction\",\"name\":\"Comment\",\"target\":[\"https:\/\/sextante.ucatolicaluisamigo.edu.co\/?p=23266#respond\"]}]},{\"@type\":\"WebPage\",\"@id\":\"https:\/\/sextante.ucatolicaluisamigo.edu.co\/?p=23266\",\"url\":\"https:\/\/sextante.ucatolicaluisamigo.edu.co\/?p=23266\",\"name\":\"J\u00f3venes candidatos frente a un Congreso que no genera confianza - Sextante Digital\",\"isPartOf\":{\"@id\":\"https:\/\/sextante.ucatolicaluisamigo.edu.co\/#website\"},\"datePublished\":\"2026-03-07T05:39:22+00:00\",\"dateModified\":\"2026-03-10T22:20:29+00:00\",\"description\":\"El 8 de marzo, Colombia elige el Congreso para el per\u00edodo 2026\u20132030 en un contexto marcado por la desconfianza ciudadana y la baja participaci\u00f3n juvenil.\",\"breadcrumb\":{\"@id\":\"https:\/\/sextante.ucatolicaluisamigo.edu.co\/?p=23266#breadcrumb\"},\"inLanguage\":\"es-CO\",\"potentialAction\":[{\"@type\":\"ReadAction\",\"target\":[\"https:\/\/sextante.ucatolicaluisamigo.edu.co\/?p=23266\"]}]},{\"@type\":\"BreadcrumbList\",\"@id\":\"https:\/\/sextante.ucatolicaluisamigo.edu.co\/?p=23266#breadcrumb\",\"itemListElement\":[{\"@type\":\"ListItem\",\"position\":1,\"name\":\"Inicio\",\"item\":\"https:\/\/sextante.ucatolicaluisamigo.edu.co\/\"},{\"@type\":\"ListItem\",\"position\":2,\"name\":\"J\u00f3venes candidatos frente a un Congreso que no genera confianza\"}]},{\"@type\":\"WebSite\",\"@id\":\"https:\/\/sextante.ucatolicaluisamigo.edu.co\/#website\",\"url\":\"https:\/\/sextante.ucatolicaluisamigo.edu.co\/\",\"name\":\"Sextante Digital\",\"description\":\"ISSN: en tr\u00e1mite\",\"publisher\":{\"@id\":\"https:\/\/sextante.ucatolicaluisamigo.edu.co\/#organization\"},\"potentialAction\":[{\"@type\":\"SearchAction\",\"target\":{\"@type\":\"EntryPoint\",\"urlTemplate\":\"https:\/\/sextante.ucatolicaluisamigo.edu.co\/?s={search_term_string}\"},\"query-input\":{\"@type\":\"PropertyValueSpecification\",\"valueRequired\":true,\"valueName\":\"search_term_string\"}}],\"inLanguage\":\"es-CO\"},{\"@type\":\"Organization\",\"@id\":\"https:\/\/sextante.ucatolicaluisamigo.edu.co\/#organization\",\"name\":\"Sextante Digital\",\"url\":\"https:\/\/sextante.ucatolicaluisamigo.edu.co\/\",\"logo\":{\"@type\":\"ImageObject\",\"inLanguage\":\"es-CO\",\"@id\":\"https:\/\/sextante.ucatolicaluisamigo.edu.co\/#\/schema\/logo\/image\/\",\"url\":\"\",\"contentUrl\":\"\",\"caption\":\"Sextante Digital\"},\"image\":{\"@id\":\"https:\/\/sextante.ucatolicaluisamigo.edu.co\/#\/schema\/logo\/image\/\"}},{\"@type\":\"Person\",\"@id\":\"https:\/\/sextante.ucatolicaluisamigo.edu.co\/#\/schema\/person\/a610a54e361d9f9bebef436c17d8256b\",\"name\":\"grupo02 Sextante\",\"sameAs\":[\"https:\/\/sextante.ucatolicaluisamigo.edu.co\/\"],\"url\":\"https:\/\/sextante.ucatolicaluisamigo.edu.co\/?author=7\"}]}<\/script>\n<!-- \/ Yoast SEO plugin. -->","yoast_head_json":{"title":"J\u00f3venes candidatos frente a un Congreso que no genera confianza - Sextante Digital","description":"El 8 de marzo, Colombia elige el Congreso para el per\u00edodo 2026\u20132030 en un contexto marcado por la desconfianza ciudadana y la baja participaci\u00f3n juvenil.","robots":{"index":"index","follow":"follow","max-snippet":"max-snippet:-1","max-image-preview":"max-image-preview:large","max-video-preview":"max-video-preview:-1"},"canonical":"https:\/\/sextante.ucatolicaluisamigo.edu.co\/?p=23266","og_locale":"es_ES","og_type":"article","og_title":"J\u00f3venes candidatos frente a un Congreso que no genera confianza - Sextante Digital","og_description":"El 8 de marzo, Colombia elige el Congreso para el per\u00edodo 2026\u20132030 en un contexto marcado por la desconfianza ciudadana y la baja participaci\u00f3n juvenil.","og_url":"https:\/\/sextante.ucatolicaluisamigo.edu.co\/?p=23266","og_site_name":"Sextante Digital","article_published_time":"2026-03-07T05:39:22+00:00","article_modified_time":"2026-03-10T22:20:29+00:00","author":"grupo02 Sextante","twitter_card":"summary_large_image","twitter_misc":{"Escrito por":"grupo02 Sextante","Tiempo de lectura":"3 minutos"},"schema":{"@context":"https:\/\/schema.org","@graph":[{"@type":"Article","@id":"https:\/\/sextante.ucatolicaluisamigo.edu.co\/?p=23266#article","isPartOf":{"@id":"https:\/\/sextante.ucatolicaluisamigo.edu.co\/?p=23266"},"author":{"name":"grupo02 Sextante","@id":"https:\/\/sextante.ucatolicaluisamigo.edu.co\/#\/schema\/person\/a610a54e361d9f9bebef436c17d8256b"},"headline":"J\u00f3venes candidatos frente a un Congreso que no genera confianza","datePublished":"2026-03-07T05:39:22+00:00","dateModified":"2026-03-10T22:20:29+00:00","mainEntityOfPage":{"@id":"https:\/\/sextante.ucatolicaluisamigo.edu.co\/?p=23266"},"wordCount":567,"commentCount":0,"publisher":{"@id":"https:\/\/sextante.ucatolicaluisamigo.edu.co\/#organization"},"keywords":["Candidatos j\u00f3venes","Elecciones 2026","J\u00f3venes","Juventud"],"articleSection":["Pol\u00edtica"],"inLanguage":"es-CO","potentialAction":[{"@type":"CommentAction","name":"Comment","target":["https:\/\/sextante.ucatolicaluisamigo.edu.co\/?p=23266#respond"]}]},{"@type":"WebPage","@id":"https:\/\/sextante.ucatolicaluisamigo.edu.co\/?p=23266","url":"https:\/\/sextante.ucatolicaluisamigo.edu.co\/?p=23266","name":"J\u00f3venes candidatos frente a un Congreso que no genera confianza - Sextante Digital","isPartOf":{"@id":"https:\/\/sextante.ucatolicaluisamigo.edu.co\/#website"},"datePublished":"2026-03-07T05:39:22+00:00","dateModified":"2026-03-10T22:20:29+00:00","description":"El 8 de marzo, Colombia elige el Congreso para el per\u00edodo 2026\u20132030 en un contexto marcado por la desconfianza ciudadana y la baja participaci\u00f3n juvenil.","breadcrumb":{"@id":"https:\/\/sextante.ucatolicaluisamigo.edu.co\/?p=23266#breadcrumb"},"inLanguage":"es-CO","potentialAction":[{"@type":"ReadAction","target":["https:\/\/sextante.ucatolicaluisamigo.edu.co\/?p=23266"]}]},{"@type":"BreadcrumbList","@id":"https:\/\/sextante.ucatolicaluisamigo.edu.co\/?p=23266#breadcrumb","itemListElement":[{"@type":"ListItem","position":1,"name":"Inicio","item":"https:\/\/sextante.ucatolicaluisamigo.edu.co\/"},{"@type":"ListItem","position":2,"name":"J\u00f3venes candidatos frente a un Congreso que no genera confianza"}]},{"@type":"WebSite","@id":"https:\/\/sextante.ucatolicaluisamigo.edu.co\/#website","url":"https:\/\/sextante.ucatolicaluisamigo.edu.co\/","name":"Sextante Digital","description":"ISSN: en tr\u00e1mite","publisher":{"@id":"https:\/\/sextante.ucatolicaluisamigo.edu.co\/#organization"},"potentialAction":[{"@type":"SearchAction","target":{"@type":"EntryPoint","urlTemplate":"https:\/\/sextante.ucatolicaluisamigo.edu.co\/?s={search_term_string}"},"query-input":{"@type":"PropertyValueSpecification","valueRequired":true,"valueName":"search_term_string"}}],"inLanguage":"es-CO"},{"@type":"Organization","@id":"https:\/\/sextante.ucatolicaluisamigo.edu.co\/#organization","name":"Sextante Digital","url":"https:\/\/sextante.ucatolicaluisamigo.edu.co\/","logo":{"@type":"ImageObject","inLanguage":"es-CO","@id":"https:\/\/sextante.ucatolicaluisamigo.edu.co\/#\/schema\/logo\/image\/","url":"","contentUrl":"","caption":"Sextante Digital"},"image":{"@id":"https:\/\/sextante.ucatolicaluisamigo.edu.co\/#\/schema\/logo\/image\/"}},{"@type":"Person","@id":"https:\/\/sextante.ucatolicaluisamigo.edu.co\/#\/schema\/person\/a610a54e361d9f9bebef436c17d8256b","name":"grupo02 Sextante","sameAs":["https:\/\/sextante.ucatolicaluisamigo.edu.co\/"],"url":"https:\/\/sextante.ucatolicaluisamigo.edu.co\/?author=7"}]}},"_links":{"self":[{"href":"https:\/\/sextante.ucatolicaluisamigo.edu.co\/index.php?rest_route=\/wp\/v2\/posts\/23266","targetHints":{"allow":["GET"]}}],"collection":[{"href":"https:\/\/sextante.ucatolicaluisamigo.edu.co\/index.php?rest_route=\/wp\/v2\/posts"}],"about":[{"href":"https:\/\/sextante.ucatolicaluisamigo.edu.co\/index.php?rest_route=\/wp\/v2\/types\/post"}],"author":[{"embeddable":true,"href":"https:\/\/sextante.ucatolicaluisamigo.edu.co\/index.php?rest_route=\/wp\/v2\/users\/7"}],"replies":[{"embeddable":true,"href":"https:\/\/sextante.ucatolicaluisamigo.edu.co\/index.php?rest_route=%2Fwp%2Fv2%2Fcomments&post=23266"}],"version-history":[{"count":14,"href":"https:\/\/sextante.ucatolicaluisamigo.edu.co\/index.php?rest_route=\/wp\/v2\/posts\/23266\/revisions"}],"predecessor-version":[{"id":23419,"href":"https:\/\/sextante.ucatolicaluisamigo.edu.co\/index.php?rest_route=\/wp\/v2\/posts\/23266\/revisions\/23419"}],"wp:attachment":[{"href":"https:\/\/sextante.ucatolicaluisamigo.edu.co\/index.php?rest_route=%2Fwp%2Fv2%2Fmedia&parent=23266"}],"wp:term":[{"taxonomy":"category","embeddable":true,"href":"https:\/\/sextante.ucatolicaluisamigo.edu.co\/index.php?rest_route=%2Fwp%2Fv2%2Fcategories&post=23266"},{"taxonomy":"post_tag","embeddable":true,"href":"https:\/\/sextante.ucatolicaluisamigo.edu.co\/index.php?rest_route=%2Fwp%2Fv2%2Ftags&post=23266"}],"curies":[{"name":"wp","href":"https:\/\/api.w.org\/{rel}","templated":true}]}}