{"id":23301,"date":"2026-03-07T10:30:30","date_gmt":"2026-03-07T15:30:30","guid":{"rendered":"https:\/\/sextante.ucatolicaluisamigo.edu.co\/?p=23301"},"modified":"2026-03-07T10:30:31","modified_gmt":"2026-03-07T15:30:31","slug":"las-mujeres-en-la-politica-colombiana-avanzan-en-medio-de-estigmas-y-desafios","status":"publish","type":"post","link":"https:\/\/sextante.ucatolicaluisamigo.edu.co\/?p=23301","title":{"rendered":"Las mujeres en la pol\u00edtica colombiana avanzan en medio de estigmas y desaf\u00edos"},"content":{"rendered":"\n<h2 class=\"wp-block-heading\">Las mujeres en la pol\u00edtica colombiana avanzan en medio de estigmas y desaf\u00edos<\/h2>\n\n\n\n<p><strong>Por: <a href=\"isabella.loperamu@amigo.edu.co\">Isabella Lopera M\u00fanera<\/a> y <a href=\"elisa.rendonhe@amigo.edu.co\">Elisa Rend\u00f3n Hern\u00e1ndez<\/a><\/strong><\/p>\n\n\n<div class=\"wp-block-post-date\"><time datetime=\"2026-03-06T13:04:08.543Z\">6 marzo, 2026<\/time><\/div>\n\n\n<p>Las elecciones legislativas coinciden este a\u00f1o con el 8 de marzo, D\u00eda Internacional de la Mujer, una fecha que invita a reflexionar sobre cu\u00e1nto ha avanzado Colombia en materia de <strong>participaci\u00f3n femenina en la pol\u00edtica <\/strong>y cu\u00e1nto falta por recorrer. Cada vez m\u00e1s mujeres llegan al Congreso, pero su camino sigue marcado por desigualdades y estigmas que el sistema pol\u00edtico a\u00fan no ha logrado superar.<\/p>\n\n\n\n<p>En este contexto, el proyecto Voces con Poder, liderado por ONU Mujeres y con el apoyo de la Embajada Brit\u00e1nica en Colombia, ha desarrollado sesiones de formaci\u00f3n sobre procesos electorales<strong>, <\/strong>rendici\u00f3n de cuentas y normatividad vigente, incluida la Ley 2453 de 2025, que busca prevenir, atender, sancionar y erradicar la violencia contra las mujeres en la vida pol\u00edtica.M\u00e1s all\u00e1 del componente t\u00e9cnico, estos espacios promueven <strong>narrativas que fortalecen el liderazgo pol\u00edtico de las mujeres<\/strong> y lo reconocen como un pilar fundamental de la democracia<strong>.<\/strong><\/p>\n\n\n\n<p><strong>Ent\u00e9rate m\u00e1s: <\/strong><a href=\"https:\/\/colombia.unwomen.org\/es\/stories\/noticia\/2026\/03\/voces-con-poder-fortaleciendo-los-liderazgos-de-las-mujeres-en-tiempos-electorales\" target=\"_blank\" rel=\"noreferrer noopener\"><strong>&nbsp;Fortaleciendo los liderazgos de las mujeres en tiempos electorales<\/strong><\/a><\/p>\n\n\n\n<p>La <strong>estigmatizaci\u00f3n de las mujeres en la pol\u00edtica<\/strong> no es un fen\u00f3meno reciente. En Colombia, uno de los antecedentes m\u00e1s representativos es el de Mar\u00eda Cano, l\u00edder social de la d\u00e9cada de 1920<strong> <\/strong>que, por defender los derechos de los trabajadores<strong>, <\/strong>se convirti\u00f3 en una figura influyente, pero tambi\u00e9n en <strong>blanco de cr\u00edticas y cuestionamientos.<\/strong><\/p>\n\n\n\n<p>Desde los territorios, Estefan\u00eda Herrera Mar\u00edn, ex candidata al Concejo y activista feminista en San Pedro de los Milagros, se\u00f1ala que estos estigmas constituyen una forma de <strong>violencia simb\u00f3lica, <\/strong>pues cuestionan la postura de las mujeres y limitan <strong>su participaci\u00f3n y reconocimiento en la pol\u00edtica.<\/strong><\/p>\n\n\n\n<figure class=\"wp-block-image size-large\"><img fetchpriority=\"high\" decoding=\"async\" width=\"1024\" height=\"576\" src=\"https:\/\/sextante.ucatolicaluisamigo.edu.co\/wp-content\/uploads\/2026\/03\/Candidaturas-femeninas-1-1024x576.png\" alt=\"\" class=\"wp-image-23397\" srcset=\"https:\/\/sextante.ucatolicaluisamigo.edu.co\/wp-content\/uploads\/2026\/03\/Candidaturas-femeninas-1-1024x576.png 1024w, https:\/\/sextante.ucatolicaluisamigo.edu.co\/wp-content\/uploads\/2026\/03\/Candidaturas-femeninas-1-300x169.png 300w, https:\/\/sextante.ucatolicaluisamigo.edu.co\/wp-content\/uploads\/2026\/03\/Candidaturas-femeninas-1-768x432.png 768w, https:\/\/sextante.ucatolicaluisamigo.edu.co\/wp-content\/uploads\/2026\/03\/Candidaturas-femeninas-1-1536x864.png 1536w, https:\/\/sextante.ucatolicaluisamigo.edu.co\/wp-content\/uploads\/2026\/03\/Candidaturas-femeninas-1.png 1920w\" sizes=\"(max-width: 1024px) 100vw, 1024px\" \/><\/figure>\n\n\n\n<p>D\u00e9cadas despu\u00e9s, estas din\u00e1micas siguen presentes. La representante Katherine Miranda<strong> <\/strong>ha denunciado <strong>ataques y amenazas en redes sociales <\/strong>tras asumir posturas cr\u00edticas en el debate pol\u00edtico, evidenciando c\u00f3mo muchas mujeres que alzan la voz se convierten en blanco de descalificaciones y matoneo digital.<\/p>\n\n\n\n<p>Una situaci\u00f3n similar ocurri\u00f3 con la precandidata presidencial Paloma Valencia,<strong> <\/strong>quien recientemente fue <strong>objeto de burlas y caricaturas en redes sociales, <\/strong>un episodio que reabri\u00f3 el debate sobre los l\u00edmites entre la <strong>cr\u00edtica pol\u00edtica y la violencia simb\u00f3lica contra las mujeres.<\/strong><\/p>\n\n\n\n<p><strong>Sigue ac\u00e1: <\/strong><a href=\"https:\/\/elpais.com\/america-colombia\/2026-01-17\/la-burla-de-matador-a-paloma-valencia-expone-la-violencia-politica-contra-las-mujeres.html\" target=\"_blank\" rel=\"noreferrer noopener\"><strong>La burla de Matador a Paloma Valencia expone la violencia pol\u00edtica contra las mujeres<\/strong><\/a><\/p>\n\n\n\n<p>En esa misma l\u00ednea, la representante Jennifer Pedraza<strong> <\/strong>ha se\u00f1alado que cuando una <strong>mujer adopta una postura firme en la pol\u00edtica <\/strong>suele ser <strong>catalogada como conflictiva, <\/strong>especialmente en espacios hist\u00f3ricamente masculinizados.<\/p>\n\n\n\n<p>De manera similar, la representante Catherine Juvinao<strong> <\/strong>tambi\u00e9n ha denunciado <strong>ataques y descalificaciones<\/strong> en redes sociales, donde incluso ha recibido <strong>insultos y acusaciones sin pruebas <\/strong>que buscan desacreditar su trabajo pol\u00edtico.<\/p>\n\n\n\n<p>Otro caso reciente es el de la representante <strong>Lina Mar\u00eda Garrido<\/strong>, quien fue objeto de <strong>descalificaciones p\u00fablicas <\/strong>en medio de una <strong>confrontaci\u00f3n pol\u00edtica<\/strong> con el ministro del Interior, Armando Benedetti.<\/p>\n\n\n\n<p><strong>Lee m\u00e1s: <\/strong><a href=\"https:\/\/www.lasillavacia.com\/en-vivo\/bandida-benedetti-arremete-contra-congresista-lina-maria-garrido\/\" target=\"_blank\" rel=\"noreferrer noopener\"><strong>\u201cBandida\u201d: Benedetti arremete contra congresista Lina Mar\u00eda Garrido<\/strong><\/a><\/p>\n\n\n\n<p><strong>La participaci\u00f3n pol\u00edtica de las mujeres<\/strong> en Colombia no es solo una cuesti\u00f3n de cifras, sino tambi\u00e9n de transformaci\u00f3n cultural.<strong> <\/strong>Mientras persistan, el desaf\u00edo seguir\u00e1 siendo construir espacios donde las mujeres no solo ocupen cargos, sino que <strong>ejerzan liderazgo<\/strong> <strong>en condiciones de igualdad real<\/strong>.<\/p>\n\n\n\n<p><\/p>\n","protected":false},"excerpt":{"rendered":"<p>Las mujeres en la pol\u00edtica colombiana avanzan en medio de estigmas y desaf\u00edos Por: Isabella Lopera M\u00fanera y Elisa Rend\u00f3n Hern\u00e1ndez Las elecciones legislativas coinciden este a\u00f1o con el 8 de marzo, D\u00eda Internacional de la Mujer, una fecha que invita a reflexionar sobre cu\u00e1nto ha avanzado Colombia en materia de participaci\u00f3n femenina en la&#8230;<\/p>\n","protected":false},"author":7,"featured_media":23397,"comment_status":"open","ping_status":"closed","sticky":false,"template":"","format":"standard","meta":{"footnotes":""},"categories":[1390,129],"tags":[213,1722,214,1340],"class_list":["post-23301","post","type-post","status-publish","format-standard","has-post-thumbnail","hentry","category-mujeres","category-politica","tag-mujeres","tag-mujeres-en-el-congreso","tag-mujeres-en-la-politica","tag-violencia-de-genero"],"yoast_head":"<!-- This site is optimized with the Yoast SEO plugin v26.4 - https:\/\/yoast.com\/wordpress\/plugins\/seo\/ -->\n<title>Las mujeres en la pol\u00edtica colombiana avanzan en medio de estigmas y desaf\u00edos - Sextante Digital<\/title>\n<meta name=\"description\" content=\"Cada vez m\u00e1s mujeres llegan al Congreso, pero su camino sigue marcado por desigualdades y estigmas que el sistema pol\u00edtico a\u00fan no ha logrado superar.\" \/>\n<meta name=\"robots\" content=\"index, follow, max-snippet:-1, max-image-preview:large, max-video-preview:-1\" \/>\n<link rel=\"canonical\" href=\"https:\/\/sextante.ucatolicaluisamigo.edu.co\/?p=23301\" \/>\n<meta property=\"og:locale\" content=\"es_ES\" \/>\n<meta property=\"og:type\" content=\"article\" \/>\n<meta property=\"og:title\" content=\"Las mujeres en la pol\u00edtica colombiana avanzan en medio de estigmas y desaf\u00edos - Sextante Digital\" \/>\n<meta property=\"og:description\" content=\"Cada vez m\u00e1s mujeres llegan al Congreso, pero su camino sigue marcado por desigualdades y estigmas que el sistema pol\u00edtico a\u00fan no ha logrado superar.\" \/>\n<meta property=\"og:url\" content=\"https:\/\/sextante.ucatolicaluisamigo.edu.co\/?p=23301\" \/>\n<meta property=\"og:site_name\" content=\"Sextante Digital\" \/>\n<meta property=\"article:published_time\" content=\"2026-03-07T15:30:30+00:00\" \/>\n<meta property=\"article:modified_time\" content=\"2026-03-07T15:30:31+00:00\" \/>\n<meta property=\"og:image\" content=\"https:\/\/sextante.ucatolicaluisamigo.edu.co\/wp-content\/uploads\/2026\/03\/Candidaturas-femeninas-1-1024x576.png\" \/>\n\t<meta property=\"og:image:width\" content=\"1024\" \/>\n\t<meta property=\"og:image:height\" content=\"576\" \/>\n\t<meta property=\"og:image:type\" content=\"image\/png\" \/>\n<meta name=\"author\" content=\"grupo02 Sextante\" \/>\n<meta name=\"twitter:card\" content=\"summary_large_image\" \/>\n<meta name=\"twitter:label1\" content=\"Escrito por\" \/>\n\t<meta name=\"twitter:data1\" content=\"grupo02 Sextante\" \/>\n\t<meta name=\"twitter:label2\" content=\"Tiempo de lectura\" \/>\n\t<meta name=\"twitter:data2\" content=\"3 minutos\" \/>\n<script type=\"application\/ld+json\" class=\"yoast-schema-graph\">{\"@context\":\"https:\/\/schema.org\",\"@graph\":[{\"@type\":\"Article\",\"@id\":\"https:\/\/sextante.ucatolicaluisamigo.edu.co\/?p=23301#article\",\"isPartOf\":{\"@id\":\"https:\/\/sextante.ucatolicaluisamigo.edu.co\/?p=23301\"},\"author\":{\"name\":\"grupo02 Sextante\",\"@id\":\"https:\/\/sextante.ucatolicaluisamigo.edu.co\/#\/schema\/person\/a610a54e361d9f9bebef436c17d8256b\"},\"headline\":\"Las mujeres en la pol\u00edtica colombiana avanzan en medio de estigmas y desaf\u00edos\",\"datePublished\":\"2026-03-07T15:30:30+00:00\",\"dateModified\":\"2026-03-07T15:30:31+00:00\",\"mainEntityOfPage\":{\"@id\":\"https:\/\/sextante.ucatolicaluisamigo.edu.co\/?p=23301\"},\"wordCount\":608,\"commentCount\":0,\"publisher\":{\"@id\":\"https:\/\/sextante.ucatolicaluisamigo.edu.co\/#organization\"},\"image\":{\"@id\":\"https:\/\/sextante.ucatolicaluisamigo.edu.co\/?p=23301#primaryimage\"},\"thumbnailUrl\":\"https:\/\/sextante.ucatolicaluisamigo.edu.co\/wp-content\/uploads\/2026\/03\/Candidaturas-femeninas-1.png\",\"keywords\":[\"Mujeres\",\"Mujeres en el Congreso\",\"Mujeres en la pol\u00edtica\",\"Violencia de G\u00e9nero\"],\"articleSection\":[\"Mujeres\",\"Pol\u00edtica\"],\"inLanguage\":\"es-CO\",\"potentialAction\":[{\"@type\":\"CommentAction\",\"name\":\"Comment\",\"target\":[\"https:\/\/sextante.ucatolicaluisamigo.edu.co\/?p=23301#respond\"]}]},{\"@type\":\"WebPage\",\"@id\":\"https:\/\/sextante.ucatolicaluisamigo.edu.co\/?p=23301\",\"url\":\"https:\/\/sextante.ucatolicaluisamigo.edu.co\/?p=23301\",\"name\":\"Las mujeres en la pol\u00edtica colombiana avanzan en medio de estigmas y desaf\u00edos - Sextante Digital\",\"isPartOf\":{\"@id\":\"https:\/\/sextante.ucatolicaluisamigo.edu.co\/#website\"},\"primaryImageOfPage\":{\"@id\":\"https:\/\/sextante.ucatolicaluisamigo.edu.co\/?p=23301#primaryimage\"},\"image\":{\"@id\":\"https:\/\/sextante.ucatolicaluisamigo.edu.co\/?p=23301#primaryimage\"},\"thumbnailUrl\":\"https:\/\/sextante.ucatolicaluisamigo.edu.co\/wp-content\/uploads\/2026\/03\/Candidaturas-femeninas-1.png\",\"datePublished\":\"2026-03-07T15:30:30+00:00\",\"dateModified\":\"2026-03-07T15:30:31+00:00\",\"description\":\"Cada vez m\u00e1s mujeres llegan al Congreso, pero su camino sigue marcado por desigualdades y estigmas que el sistema pol\u00edtico a\u00fan no ha logrado superar.\",\"breadcrumb\":{\"@id\":\"https:\/\/sextante.ucatolicaluisamigo.edu.co\/?p=23301#breadcrumb\"},\"inLanguage\":\"es-CO\",\"potentialAction\":[{\"@type\":\"ReadAction\",\"target\":[\"https:\/\/sextante.ucatolicaluisamigo.edu.co\/?p=23301\"]}]},{\"@type\":\"ImageObject\",\"inLanguage\":\"es-CO\",\"@id\":\"https:\/\/sextante.ucatolicaluisamigo.edu.co\/?p=23301#primaryimage\",\"url\":\"https:\/\/sextante.ucatolicaluisamigo.edu.co\/wp-content\/uploads\/2026\/03\/Candidaturas-femeninas-1.png\",\"contentUrl\":\"https:\/\/sextante.ucatolicaluisamigo.edu.co\/wp-content\/uploads\/2026\/03\/Candidaturas-femeninas-1.png\",\"width\":1920,\"height\":1080},{\"@type\":\"BreadcrumbList\",\"@id\":\"https:\/\/sextante.ucatolicaluisamigo.edu.co\/?p=23301#breadcrumb\",\"itemListElement\":[{\"@type\":\"ListItem\",\"position\":1,\"name\":\"Inicio\",\"item\":\"https:\/\/sextante.ucatolicaluisamigo.edu.co\/\"},{\"@type\":\"ListItem\",\"position\":2,\"name\":\"Las mujeres en la pol\u00edtica colombiana avanzan en medio de estigmas y desaf\u00edos\"}]},{\"@type\":\"WebSite\",\"@id\":\"https:\/\/sextante.ucatolicaluisamigo.edu.co\/#website\",\"url\":\"https:\/\/sextante.ucatolicaluisamigo.edu.co\/\",\"name\":\"Sextante Digital\",\"description\":\"ISSN: en tr\u00e1mite\",\"publisher\":{\"@id\":\"https:\/\/sextante.ucatolicaluisamigo.edu.co\/#organization\"},\"potentialAction\":[{\"@type\":\"SearchAction\",\"target\":{\"@type\":\"EntryPoint\",\"urlTemplate\":\"https:\/\/sextante.ucatolicaluisamigo.edu.co\/?s={search_term_string}\"},\"query-input\":{\"@type\":\"PropertyValueSpecification\",\"valueRequired\":true,\"valueName\":\"search_term_string\"}}],\"inLanguage\":\"es-CO\"},{\"@type\":\"Organization\",\"@id\":\"https:\/\/sextante.ucatolicaluisamigo.edu.co\/#organization\",\"name\":\"Sextante Digital\",\"url\":\"https:\/\/sextante.ucatolicaluisamigo.edu.co\/\",\"logo\":{\"@type\":\"ImageObject\",\"inLanguage\":\"es-CO\",\"@id\":\"https:\/\/sextante.ucatolicaluisamigo.edu.co\/#\/schema\/logo\/image\/\",\"url\":\"\",\"contentUrl\":\"\",\"caption\":\"Sextante Digital\"},\"image\":{\"@id\":\"https:\/\/sextante.ucatolicaluisamigo.edu.co\/#\/schema\/logo\/image\/\"}},{\"@type\":\"Person\",\"@id\":\"https:\/\/sextante.ucatolicaluisamigo.edu.co\/#\/schema\/person\/a610a54e361d9f9bebef436c17d8256b\",\"name\":\"grupo02 Sextante\",\"sameAs\":[\"https:\/\/sextante.ucatolicaluisamigo.edu.co\/\"],\"url\":\"https:\/\/sextante.ucatolicaluisamigo.edu.co\/?author=7\"}]}<\/script>\n<!-- \/ Yoast SEO plugin. -->","yoast_head_json":{"title":"Las mujeres en la pol\u00edtica colombiana avanzan en medio de estigmas y desaf\u00edos - Sextante Digital","description":"Cada vez m\u00e1s mujeres llegan al Congreso, pero su camino sigue marcado por desigualdades y estigmas que el sistema pol\u00edtico a\u00fan no ha logrado superar.","robots":{"index":"index","follow":"follow","max-snippet":"max-snippet:-1","max-image-preview":"max-image-preview:large","max-video-preview":"max-video-preview:-1"},"canonical":"https:\/\/sextante.ucatolicaluisamigo.edu.co\/?p=23301","og_locale":"es_ES","og_type":"article","og_title":"Las mujeres en la pol\u00edtica colombiana avanzan en medio de estigmas y desaf\u00edos - Sextante Digital","og_description":"Cada vez m\u00e1s mujeres llegan al Congreso, pero su camino sigue marcado por desigualdades y estigmas que el sistema pol\u00edtico a\u00fan no ha logrado superar.","og_url":"https:\/\/sextante.ucatolicaluisamigo.edu.co\/?p=23301","og_site_name":"Sextante Digital","article_published_time":"2026-03-07T15:30:30+00:00","article_modified_time":"2026-03-07T15:30:31+00:00","og_image":[{"width":1024,"height":576,"url":"https:\/\/sextante.ucatolicaluisamigo.edu.co\/wp-content\/uploads\/2026\/03\/Candidaturas-femeninas-1-1024x576.png","type":"image\/png"}],"author":"grupo02 Sextante","twitter_card":"summary_large_image","twitter_misc":{"Escrito por":"grupo02 Sextante","Tiempo de lectura":"3 minutos"},"schema":{"@context":"https:\/\/schema.org","@graph":[{"@type":"Article","@id":"https:\/\/sextante.ucatolicaluisamigo.edu.co\/?p=23301#article","isPartOf":{"@id":"https:\/\/sextante.ucatolicaluisamigo.edu.co\/?p=23301"},"author":{"name":"grupo02 Sextante","@id":"https:\/\/sextante.ucatolicaluisamigo.edu.co\/#\/schema\/person\/a610a54e361d9f9bebef436c17d8256b"},"headline":"Las mujeres en la pol\u00edtica colombiana avanzan en medio de estigmas y desaf\u00edos","datePublished":"2026-03-07T15:30:30+00:00","dateModified":"2026-03-07T15:30:31+00:00","mainEntityOfPage":{"@id":"https:\/\/sextante.ucatolicaluisamigo.edu.co\/?p=23301"},"wordCount":608,"commentCount":0,"publisher":{"@id":"https:\/\/sextante.ucatolicaluisamigo.edu.co\/#organization"},"image":{"@id":"https:\/\/sextante.ucatolicaluisamigo.edu.co\/?p=23301#primaryimage"},"thumbnailUrl":"https:\/\/sextante.ucatolicaluisamigo.edu.co\/wp-content\/uploads\/2026\/03\/Candidaturas-femeninas-1.png","keywords":["Mujeres","Mujeres en el Congreso","Mujeres en la pol\u00edtica","Violencia de G\u00e9nero"],"articleSection":["Mujeres","Pol\u00edtica"],"inLanguage":"es-CO","potentialAction":[{"@type":"CommentAction","name":"Comment","target":["https:\/\/sextante.ucatolicaluisamigo.edu.co\/?p=23301#respond"]}]},{"@type":"WebPage","@id":"https:\/\/sextante.ucatolicaluisamigo.edu.co\/?p=23301","url":"https:\/\/sextante.ucatolicaluisamigo.edu.co\/?p=23301","name":"Las mujeres en la pol\u00edtica colombiana avanzan en medio de estigmas y desaf\u00edos - Sextante Digital","isPartOf":{"@id":"https:\/\/sextante.ucatolicaluisamigo.edu.co\/#website"},"primaryImageOfPage":{"@id":"https:\/\/sextante.ucatolicaluisamigo.edu.co\/?p=23301#primaryimage"},"image":{"@id":"https:\/\/sextante.ucatolicaluisamigo.edu.co\/?p=23301#primaryimage"},"thumbnailUrl":"https:\/\/sextante.ucatolicaluisamigo.edu.co\/wp-content\/uploads\/2026\/03\/Candidaturas-femeninas-1.png","datePublished":"2026-03-07T15:30:30+00:00","dateModified":"2026-03-07T15:30:31+00:00","description":"Cada vez m\u00e1s mujeres llegan al Congreso, pero su camino sigue marcado por desigualdades y estigmas que el sistema pol\u00edtico a\u00fan no ha logrado superar.","breadcrumb":{"@id":"https:\/\/sextante.ucatolicaluisamigo.edu.co\/?p=23301#breadcrumb"},"inLanguage":"es-CO","potentialAction":[{"@type":"ReadAction","target":["https:\/\/sextante.ucatolicaluisamigo.edu.co\/?p=23301"]}]},{"@type":"ImageObject","inLanguage":"es-CO","@id":"https:\/\/sextante.ucatolicaluisamigo.edu.co\/?p=23301#primaryimage","url":"https:\/\/sextante.ucatolicaluisamigo.edu.co\/wp-content\/uploads\/2026\/03\/Candidaturas-femeninas-1.png","contentUrl":"https:\/\/sextante.ucatolicaluisamigo.edu.co\/wp-content\/uploads\/2026\/03\/Candidaturas-femeninas-1.png","width":1920,"height":1080},{"@type":"BreadcrumbList","@id":"https:\/\/sextante.ucatolicaluisamigo.edu.co\/?p=23301#breadcrumb","itemListElement":[{"@type":"ListItem","position":1,"name":"Inicio","item":"https:\/\/sextante.ucatolicaluisamigo.edu.co\/"},{"@type":"ListItem","position":2,"name":"Las mujeres en la pol\u00edtica colombiana avanzan en medio de estigmas y desaf\u00edos"}]},{"@type":"WebSite","@id":"https:\/\/sextante.ucatolicaluisamigo.edu.co\/#website","url":"https:\/\/sextante.ucatolicaluisamigo.edu.co\/","name":"Sextante Digital","description":"ISSN: en tr\u00e1mite","publisher":{"@id":"https:\/\/sextante.ucatolicaluisamigo.edu.co\/#organization"},"potentialAction":[{"@type":"SearchAction","target":{"@type":"EntryPoint","urlTemplate":"https:\/\/sextante.ucatolicaluisamigo.edu.co\/?s={search_term_string}"},"query-input":{"@type":"PropertyValueSpecification","valueRequired":true,"valueName":"search_term_string"}}],"inLanguage":"es-CO"},{"@type":"Organization","@id":"https:\/\/sextante.ucatolicaluisamigo.edu.co\/#organization","name":"Sextante Digital","url":"https:\/\/sextante.ucatolicaluisamigo.edu.co\/","logo":{"@type":"ImageObject","inLanguage":"es-CO","@id":"https:\/\/sextante.ucatolicaluisamigo.edu.co\/#\/schema\/logo\/image\/","url":"","contentUrl":"","caption":"Sextante Digital"},"image":{"@id":"https:\/\/sextante.ucatolicaluisamigo.edu.co\/#\/schema\/logo\/image\/"}},{"@type":"Person","@id":"https:\/\/sextante.ucatolicaluisamigo.edu.co\/#\/schema\/person\/a610a54e361d9f9bebef436c17d8256b","name":"grupo02 Sextante","sameAs":["https:\/\/sextante.ucatolicaluisamigo.edu.co\/"],"url":"https:\/\/sextante.ucatolicaluisamigo.edu.co\/?author=7"}]}},"_links":{"self":[{"href":"https:\/\/sextante.ucatolicaluisamigo.edu.co\/index.php?rest_route=\/wp\/v2\/posts\/23301","targetHints":{"allow":["GET"]}}],"collection":[{"href":"https:\/\/sextante.ucatolicaluisamigo.edu.co\/index.php?rest_route=\/wp\/v2\/posts"}],"about":[{"href":"https:\/\/sextante.ucatolicaluisamigo.edu.co\/index.php?rest_route=\/wp\/v2\/types\/post"}],"author":[{"embeddable":true,"href":"https:\/\/sextante.ucatolicaluisamigo.edu.co\/index.php?rest_route=\/wp\/v2\/users\/7"}],"replies":[{"embeddable":true,"href":"https:\/\/sextante.ucatolicaluisamigo.edu.co\/index.php?rest_route=%2Fwp%2Fv2%2Fcomments&post=23301"}],"version-history":[{"count":4,"href":"https:\/\/sextante.ucatolicaluisamigo.edu.co\/index.php?rest_route=\/wp\/v2\/posts\/23301\/revisions"}],"predecessor-version":[{"id":23399,"href":"https:\/\/sextante.ucatolicaluisamigo.edu.co\/index.php?rest_route=\/wp\/v2\/posts\/23301\/revisions\/23399"}],"wp:featuredmedia":[{"embeddable":true,"href":"https:\/\/sextante.ucatolicaluisamigo.edu.co\/index.php?rest_route=\/wp\/v2\/media\/23397"}],"wp:attachment":[{"href":"https:\/\/sextante.ucatolicaluisamigo.edu.co\/index.php?rest_route=%2Fwp%2Fv2%2Fmedia&parent=23301"}],"wp:term":[{"taxonomy":"category","embeddable":true,"href":"https:\/\/sextante.ucatolicaluisamigo.edu.co\/index.php?rest_route=%2Fwp%2Fv2%2Fcategories&post=23301"},{"taxonomy":"post_tag","embeddable":true,"href":"https:\/\/sextante.ucatolicaluisamigo.edu.co\/index.php?rest_route=%2Fwp%2Fv2%2Ftags&post=23301"}],"curies":[{"name":"wp","href":"https:\/\/api.w.org\/{rel}","templated":true}]}}