{"id":23343,"date":"2026-03-06T22:22:25","date_gmt":"2026-03-07T03:22:25","guid":{"rendered":"https:\/\/sextante.ucatolicaluisamigo.edu.co\/?p=23343"},"modified":"2026-03-06T22:38:17","modified_gmt":"2026-03-07T03:38:17","slug":"despliegue-de-la-fuerza-publica-en-el-marco-del-plan-democracia","status":"publish","type":"post","link":"https:\/\/sextante.ucatolicaluisamigo.edu.co\/?p=23343","title":{"rendered":"Despliegue de la Fuerza P\u00fablica en el Marco del Plan Democracia"},"content":{"rendered":"\n<h1 class=\"wp-block-heading\">Despliegue de la Fuerza P\u00fablica en el Marco del Plan Democracia<\/h1>\n\n\n\n<p><em><strong><mark style=\"background-color:#ffffff;color:#005c53\" class=\"has-inline-color\">La fuerza p\u00fablica colombiana se prepara para los comicios electorales de este domingo 8 de marzo de 2026, donde se elegir\u00e1n los nuevos congresistas para el pa\u00eds.<\/mark><\/strong><\/em><\/p>\n\n\n\n<p><em>6 de marzo de 2026<\/em><\/p>\n\n\n\n<p><mark style=\"background-color:#ffffff\" class=\"has-inline-color\">Por:<strong> <\/strong><em><strong>Geraldine Villalba Chica\u00a0; Karen Acevedo Mart\u00ednez; Salome Ocampo Gonz\u00e1lez; Nicol\u00e1s Garc\u00eda Guti\u00e9rrez.<\/strong><\/em><\/mark><\/p>\n\n\n\n<p>Durante las jornadas electorales en Colombia,<strong> la Polic\u00eda Nacional de Colombia y el Ej\u00e9rcito Nacional de Colombia <\/strong>desarrollan un conjunto articulado de acciones preventivas, operativas y de control territorial para garantizar el orden p\u00fablico, la seguridad ciudadana y la transparencia del proceso democr\u00e1tico. Estas actuaciones se fundamentan en los principios de neutralidad pol\u00edtica, legalidad y respeto por los derechos humanos, conforme a la Constituci\u00f3n y a las normas que regulan el comportamiento de la Fuerza P\u00fablica en contextos electorales.<\/p>\n\n\n\n<p>De acuerdo con el <strong>art\u00edculo 217 de la Constituci\u00f3n Pol\u00edtica de 1991<\/strong>, las Fuerzas Militares tienen como finalidad la defensa de la soberan\u00eda, la independencia, la integridad del territorio y el orden constitucional. En el \u00e1mbito electoral, estas funciones se concretan mediante el <strong>Plan Democracia<\/strong>, estrategia institucional que se activa en cada proceso electoral. Este plan busca asegurar que los ciudadanos ejerzan el derecho al voto en condiciones de seguridad, proteger el material electoral, prevenir hechos de violencia o fraude y garantizar la estabilidad institucional antes, durante y despu\u00e9s de la jornada.<\/p>\n\n\n\n<p>Seg\u00fan declaraciones del subintendente de la Policia Nacional Efren Contreras en entrevista, la prioridad consiste en <strong>ofrecer garant\u00edas de seguridad a los votantes y preservar la transparencia del proceso, mediante control en puestos de votaci\u00f3n y vigilancia permanente del material electoral<\/strong>. La instituci\u00f3n enfatiza que su actuaci\u00f3n es estrictamente neutral y que su misi\u00f3n se limita a proteger la democracia sin intervenir en preferencias pol\u00edticas. Por su parte, el Comisario Mateus Rengifo Edwin del Ejercito se\u00f1ala que su funci\u00f3n principal radica en <strong>mantener el control territorial, especialmente en zonas rurales o con antecedentes de presencia de grupos armados, con el fin de evitar alteraciones del orden p\u00fablico y proteger a la poblaci\u00f3n civil.<\/strong><\/p>\n\n\n\n<p>La coordinaci\u00f3n de estas acciones se realiza a trav\u00e9s de Puestos de Mando Unificado <strong>(PMU)<\/strong> y centros de articulaci\u00f3n interinstitucional, en conjunto con la Registradur\u00eda Nacional del Estado Civil, entidad responsable de la organizaci\u00f3n electoral. Mientras la Polic\u00eda lidera la seguridad directa en los puestos de votaci\u00f3n y en \u00e1reas urbanas, el Ej\u00e9rcito asume el control de \u00e1reas estrat\u00e9gicas, corredores viales y zonas de dif\u00edcil acceso.<\/p>\n\n\n\n<p>De acuerdo con un informe period\u00edstico de El Espectador, que cita declaraciones oficiales de la Polic\u00eda Nacional y de su director general, para las elecciones del 8 de marzo se habilitaron <strong>13.493 puestos de votaci\u00f3n en el pa\u00eds<\/strong>. La Polic\u00eda custodiar\u00e1 7.679 de ellos, lo que representa el 57 %, as\u00ed como <strong>110.214 mesas de votaci\u00f3n<\/strong>, equivalentes al 90 % del total. Adem\u00e1s, la instituci\u00f3n inform\u00f3 que <strong>70.000 uniformados<\/strong> estar\u00e1n directamente en los puestos de votaci\u00f3n y otros 50.000 en zonas aleda\u00f1as para garantizar el orden y la seguridad. Estas cifras provienen de datos oficiales suministrados por la misma Polic\u00eda Nacional.<\/p>\n\n\n\n<p>En zonas rurales, el Ej\u00e9rcito asegura el transporte, la distribuci\u00f3n y el retorno del material electoral. La instituci\u00f3n realiza escoltas, controla rutas estrat\u00e9gicas y protege a los funcionarios de la Registradur\u00eda para salvaguardar la integridad del material. La Polic\u00eda, a su vez, custodia dicho material en entornos urbanos y durante la etapa de escrutinios.<\/p>\n\n\n\n<h2 class=\"wp-block-heading\"><strong>Areas con riesgo electoral y presencia de grupos armados<\/strong><\/h2>\n\n\n\n<p>La Misi\u00f3n de Observaci\u00f3n Electoral (MOE), en su informe <strong>\u201cMapas y Factores de Riesgo Electoral \u2013 2026 National Elections\u201d, identific\u00f3 170 municipios <\/strong>con alg\u00fan nivel de riesgo electoral, donde confluyen factores de violencia y posibles irregularidades. De estos, <strong>81 municipios se encuentran en riesgo extremo, 51 en riesgo alto y 38 en riesgo medio.<\/strong> Entre los territorios mencionados aparecen Barranquilla y el departamento del Atl\u00e1ntico, as\u00ed como municipios como El Pe\u00f1ol, El Tambo y Bogot\u00e1. Este informe se basa en trabajo de campo, estad\u00edsticas oficiales y an\u00e1lisis t\u00e9cnico de riesgo elaborados por la MOE, organizaci\u00f3n que monitorea procesos electorales en Colombia desde 2007.<\/p>\n\n\n\n<p>Por otra parte, la Defensor\u00eda del Pueblo, a trav\u00e9s de su Sistema de Alertas Tempranas, actualiz\u00f3 su informe de seguimiento electoral e indic\u00f3 que existen <strong>69 municipios en riesgo extremo, 168 en riesgo urgente y 433 en riesgo prioritario <\/strong>frente a la seguridad electoral. Entre los municipios se\u00f1alados se encuentran Puerto Tejada, Balboa, J\u00e1mbalo, Padilla y Villa Rica, en el departamento del Cauca. Estas cifras provienen del Informe de Seguimiento de la Alerta Temprana Electoral emitido por la Defensor\u00eda del Pueblo de Colombia.<\/p>\n\n\n\n<p>En este contexto, el Plan Democracia adquiere mayor relevancia, pues orienta la distribuci\u00f3n estrat\u00e9gica de la Fuerza P\u00fablica en municipios priorizados y en zonas hist\u00f3ricamente afectadas por el conflicto armado o por la presencia de grupos ilegales. Tanto la Polic\u00eda como el Ej\u00e9rcito coinciden en que la finalidad de su despliegue consiste en prevenir hechos de violencia, proteger a la ciudadan\u00eda y fortalecer la confianza en las instituciones democr\u00e1ticas.<\/p>\n\n\n\n<figure class=\"wp-block-embed is-type-wp-embed is-provider-genially wp-block-embed-genially\"><div class=\"wp-block-embed__wrapper\">\n<iframe class=\"wp-embedded-content\" sandbox=\"allow-scripts\" security=\"restricted\" title=\"Para incluir v\u00eddeos, Mira a tu izquierda\" frameborder='0' width='800' height='1600' src='https:\/\/view.genially.com\/69ab9c4e1edcd7e9a97df597#?secret=d2xxfnP8NF' data-secret='d2xxfnP8NF' scrolling='yes'><\/iframe>\n<\/div><\/figure>\n","protected":false},"excerpt":{"rendered":"<p>Despliegue de la Fuerza P\u00fablica en el Marco del Plan Democracia La fuerza p\u00fablica colombiana se prepara para los comicios electorales de este domingo 8 de marzo de 2026, donde se elegir\u00e1n los nuevos congresistas para el pa\u00eds. 6 de marzo de 2026 Por: Geraldine Villalba Chica\u00a0; Karen Acevedo Mart\u00ednez; Salome Ocampo Gonz\u00e1lez; Nicol\u00e1s Garc\u00eda&#8230;<\/p>\n","protected":false},"author":6,"featured_media":0,"comment_status":"open","ping_status":"closed","sticky":false,"template":"","format":"standard","meta":{"footnotes":""},"categories":[1368,129],"tags":[223],"class_list":["post-23343","post","type-post","status-publish","format-standard","hentry","category-especiales","category-politica","tag-politica"],"yoast_head":"<!-- This site is optimized with the Yoast SEO plugin v26.4 - https:\/\/yoast.com\/wordpress\/plugins\/seo\/ -->\n<title>Despliegue de la Fuerza P\u00fablica en el Marco del Plan Democracia - Sextante Digital<\/title>\n<meta name=\"description\" content=\"Despliegue de la Fuerza P\u00fablica en el Marco del Plan Democracia. Elecciones 2026 en Colombia. 8 de marzo.\" \/>\n<meta name=\"robots\" content=\"index, follow, max-snippet:-1, max-image-preview:large, max-video-preview:-1\" \/>\n<link rel=\"canonical\" href=\"https:\/\/sextante.ucatolicaluisamigo.edu.co\/?p=23343\" \/>\n<meta property=\"og:locale\" content=\"es_ES\" \/>\n<meta property=\"og:type\" content=\"article\" \/>\n<meta property=\"og:title\" content=\"Despliegue de la Fuerza P\u00fablica en el Marco del Plan Democracia - Sextante Digital\" \/>\n<meta property=\"og:description\" content=\"Despliegue de la Fuerza P\u00fablica en el Marco del Plan Democracia. Elecciones 2026 en Colombia. 8 de marzo.\" \/>\n<meta property=\"og:url\" content=\"https:\/\/sextante.ucatolicaluisamigo.edu.co\/?p=23343\" \/>\n<meta property=\"og:site_name\" content=\"Sextante Digital\" \/>\n<meta property=\"article:published_time\" content=\"2026-03-07T03:22:25+00:00\" \/>\n<meta property=\"article:modified_time\" content=\"2026-03-07T03:38:17+00:00\" \/>\n<meta name=\"author\" content=\"grupo01 Sextante\" \/>\n<meta name=\"twitter:card\" content=\"summary_large_image\" \/>\n<meta name=\"twitter:label1\" content=\"Escrito por\" \/>\n\t<meta name=\"twitter:data1\" content=\"grupo01 Sextante\" \/>\n\t<meta name=\"twitter:label2\" content=\"Tiempo de lectura\" \/>\n\t<meta name=\"twitter:data2\" content=\"4 minutos\" \/>\n<script type=\"application\/ld+json\" class=\"yoast-schema-graph\">{\"@context\":\"https:\/\/schema.org\",\"@graph\":[{\"@type\":\"Article\",\"@id\":\"https:\/\/sextante.ucatolicaluisamigo.edu.co\/?p=23343#article\",\"isPartOf\":{\"@id\":\"https:\/\/sextante.ucatolicaluisamigo.edu.co\/?p=23343\"},\"author\":{\"name\":\"grupo01 Sextante\",\"@id\":\"https:\/\/sextante.ucatolicaluisamigo.edu.co\/#\/schema\/person\/d5ce138af4df36b83fb39d699e9fd3c2\"},\"headline\":\"Despliegue de la Fuerza P\u00fablica en el Marco del Plan Democracia\",\"datePublished\":\"2026-03-07T03:22:25+00:00\",\"dateModified\":\"2026-03-07T03:38:17+00:00\",\"mainEntityOfPage\":{\"@id\":\"https:\/\/sextante.ucatolicaluisamigo.edu.co\/?p=23343\"},\"wordCount\":905,\"commentCount\":0,\"publisher\":{\"@id\":\"https:\/\/sextante.ucatolicaluisamigo.edu.co\/#organization\"},\"keywords\":[\"Pol\u00edtica\"],\"articleSection\":[\"Especiales\",\"Pol\u00edtica\"],\"inLanguage\":\"es-CO\",\"potentialAction\":[{\"@type\":\"CommentAction\",\"name\":\"Comment\",\"target\":[\"https:\/\/sextante.ucatolicaluisamigo.edu.co\/?p=23343#respond\"]}]},{\"@type\":\"WebPage\",\"@id\":\"https:\/\/sextante.ucatolicaluisamigo.edu.co\/?p=23343\",\"url\":\"https:\/\/sextante.ucatolicaluisamigo.edu.co\/?p=23343\",\"name\":\"Despliegue de la Fuerza P\u00fablica en el Marco del Plan Democracia - Sextante Digital\",\"isPartOf\":{\"@id\":\"https:\/\/sextante.ucatolicaluisamigo.edu.co\/#website\"},\"datePublished\":\"2026-03-07T03:22:25+00:00\",\"dateModified\":\"2026-03-07T03:38:17+00:00\",\"description\":\"Despliegue de la Fuerza P\u00fablica en el Marco del Plan Democracia. Elecciones 2026 en Colombia. 8 de marzo.\",\"breadcrumb\":{\"@id\":\"https:\/\/sextante.ucatolicaluisamigo.edu.co\/?p=23343#breadcrumb\"},\"inLanguage\":\"es-CO\",\"potentialAction\":[{\"@type\":\"ReadAction\",\"target\":[\"https:\/\/sextante.ucatolicaluisamigo.edu.co\/?p=23343\"]}]},{\"@type\":\"BreadcrumbList\",\"@id\":\"https:\/\/sextante.ucatolicaluisamigo.edu.co\/?p=23343#breadcrumb\",\"itemListElement\":[{\"@type\":\"ListItem\",\"position\":1,\"name\":\"Inicio\",\"item\":\"https:\/\/sextante.ucatolicaluisamigo.edu.co\/\"},{\"@type\":\"ListItem\",\"position\":2,\"name\":\"Despliegue de la Fuerza P\u00fablica en el Marco del Plan Democracia\"}]},{\"@type\":\"WebSite\",\"@id\":\"https:\/\/sextante.ucatolicaluisamigo.edu.co\/#website\",\"url\":\"https:\/\/sextante.ucatolicaluisamigo.edu.co\/\",\"name\":\"Sextante Digital\",\"description\":\"ISSN: en tr\u00e1mite\",\"publisher\":{\"@id\":\"https:\/\/sextante.ucatolicaluisamigo.edu.co\/#organization\"},\"potentialAction\":[{\"@type\":\"SearchAction\",\"target\":{\"@type\":\"EntryPoint\",\"urlTemplate\":\"https:\/\/sextante.ucatolicaluisamigo.edu.co\/?s={search_term_string}\"},\"query-input\":{\"@type\":\"PropertyValueSpecification\",\"valueRequired\":true,\"valueName\":\"search_term_string\"}}],\"inLanguage\":\"es-CO\"},{\"@type\":\"Organization\",\"@id\":\"https:\/\/sextante.ucatolicaluisamigo.edu.co\/#organization\",\"name\":\"Sextante Digital\",\"url\":\"https:\/\/sextante.ucatolicaluisamigo.edu.co\/\",\"logo\":{\"@type\":\"ImageObject\",\"inLanguage\":\"es-CO\",\"@id\":\"https:\/\/sextante.ucatolicaluisamigo.edu.co\/#\/schema\/logo\/image\/\",\"url\":\"\",\"contentUrl\":\"\",\"caption\":\"Sextante Digital\"},\"image\":{\"@id\":\"https:\/\/sextante.ucatolicaluisamigo.edu.co\/#\/schema\/logo\/image\/\"}},{\"@type\":\"Person\",\"@id\":\"https:\/\/sextante.ucatolicaluisamigo.edu.co\/#\/schema\/person\/d5ce138af4df36b83fb39d699e9fd3c2\",\"name\":\"grupo01 Sextante\",\"sameAs\":[\"https:\/\/sextante.ucatolicaluisamigo.edu.co\/\"],\"url\":\"https:\/\/sextante.ucatolicaluisamigo.edu.co\/?author=6\"}]}<\/script>\n<!-- \/ Yoast SEO plugin. -->","yoast_head_json":{"title":"Despliegue de la Fuerza P\u00fablica en el Marco del Plan Democracia - Sextante Digital","description":"Despliegue de la Fuerza P\u00fablica en el Marco del Plan Democracia. Elecciones 2026 en Colombia. 8 de marzo.","robots":{"index":"index","follow":"follow","max-snippet":"max-snippet:-1","max-image-preview":"max-image-preview:large","max-video-preview":"max-video-preview:-1"},"canonical":"https:\/\/sextante.ucatolicaluisamigo.edu.co\/?p=23343","og_locale":"es_ES","og_type":"article","og_title":"Despliegue de la Fuerza P\u00fablica en el Marco del Plan Democracia - Sextante Digital","og_description":"Despliegue de la Fuerza P\u00fablica en el Marco del Plan Democracia. Elecciones 2026 en Colombia. 8 de marzo.","og_url":"https:\/\/sextante.ucatolicaluisamigo.edu.co\/?p=23343","og_site_name":"Sextante Digital","article_published_time":"2026-03-07T03:22:25+00:00","article_modified_time":"2026-03-07T03:38:17+00:00","author":"grupo01 Sextante","twitter_card":"summary_large_image","twitter_misc":{"Escrito por":"grupo01 Sextante","Tiempo de lectura":"4 minutos"},"schema":{"@context":"https:\/\/schema.org","@graph":[{"@type":"Article","@id":"https:\/\/sextante.ucatolicaluisamigo.edu.co\/?p=23343#article","isPartOf":{"@id":"https:\/\/sextante.ucatolicaluisamigo.edu.co\/?p=23343"},"author":{"name":"grupo01 Sextante","@id":"https:\/\/sextante.ucatolicaluisamigo.edu.co\/#\/schema\/person\/d5ce138af4df36b83fb39d699e9fd3c2"},"headline":"Despliegue de la Fuerza P\u00fablica en el Marco del Plan Democracia","datePublished":"2026-03-07T03:22:25+00:00","dateModified":"2026-03-07T03:38:17+00:00","mainEntityOfPage":{"@id":"https:\/\/sextante.ucatolicaluisamigo.edu.co\/?p=23343"},"wordCount":905,"commentCount":0,"publisher":{"@id":"https:\/\/sextante.ucatolicaluisamigo.edu.co\/#organization"},"keywords":["Pol\u00edtica"],"articleSection":["Especiales","Pol\u00edtica"],"inLanguage":"es-CO","potentialAction":[{"@type":"CommentAction","name":"Comment","target":["https:\/\/sextante.ucatolicaluisamigo.edu.co\/?p=23343#respond"]}]},{"@type":"WebPage","@id":"https:\/\/sextante.ucatolicaluisamigo.edu.co\/?p=23343","url":"https:\/\/sextante.ucatolicaluisamigo.edu.co\/?p=23343","name":"Despliegue de la Fuerza P\u00fablica en el Marco del Plan Democracia - Sextante Digital","isPartOf":{"@id":"https:\/\/sextante.ucatolicaluisamigo.edu.co\/#website"},"datePublished":"2026-03-07T03:22:25+00:00","dateModified":"2026-03-07T03:38:17+00:00","description":"Despliegue de la Fuerza P\u00fablica en el Marco del Plan Democracia. Elecciones 2026 en Colombia. 8 de marzo.","breadcrumb":{"@id":"https:\/\/sextante.ucatolicaluisamigo.edu.co\/?p=23343#breadcrumb"},"inLanguage":"es-CO","potentialAction":[{"@type":"ReadAction","target":["https:\/\/sextante.ucatolicaluisamigo.edu.co\/?p=23343"]}]},{"@type":"BreadcrumbList","@id":"https:\/\/sextante.ucatolicaluisamigo.edu.co\/?p=23343#breadcrumb","itemListElement":[{"@type":"ListItem","position":1,"name":"Inicio","item":"https:\/\/sextante.ucatolicaluisamigo.edu.co\/"},{"@type":"ListItem","position":2,"name":"Despliegue de la Fuerza P\u00fablica en el Marco del Plan Democracia"}]},{"@type":"WebSite","@id":"https:\/\/sextante.ucatolicaluisamigo.edu.co\/#website","url":"https:\/\/sextante.ucatolicaluisamigo.edu.co\/","name":"Sextante Digital","description":"ISSN: en tr\u00e1mite","publisher":{"@id":"https:\/\/sextante.ucatolicaluisamigo.edu.co\/#organization"},"potentialAction":[{"@type":"SearchAction","target":{"@type":"EntryPoint","urlTemplate":"https:\/\/sextante.ucatolicaluisamigo.edu.co\/?s={search_term_string}"},"query-input":{"@type":"PropertyValueSpecification","valueRequired":true,"valueName":"search_term_string"}}],"inLanguage":"es-CO"},{"@type":"Organization","@id":"https:\/\/sextante.ucatolicaluisamigo.edu.co\/#organization","name":"Sextante Digital","url":"https:\/\/sextante.ucatolicaluisamigo.edu.co\/","logo":{"@type":"ImageObject","inLanguage":"es-CO","@id":"https:\/\/sextante.ucatolicaluisamigo.edu.co\/#\/schema\/logo\/image\/","url":"","contentUrl":"","caption":"Sextante Digital"},"image":{"@id":"https:\/\/sextante.ucatolicaluisamigo.edu.co\/#\/schema\/logo\/image\/"}},{"@type":"Person","@id":"https:\/\/sextante.ucatolicaluisamigo.edu.co\/#\/schema\/person\/d5ce138af4df36b83fb39d699e9fd3c2","name":"grupo01 Sextante","sameAs":["https:\/\/sextante.ucatolicaluisamigo.edu.co\/"],"url":"https:\/\/sextante.ucatolicaluisamigo.edu.co\/?author=6"}]}},"_links":{"self":[{"href":"https:\/\/sextante.ucatolicaluisamigo.edu.co\/index.php?rest_route=\/wp\/v2\/posts\/23343","targetHints":{"allow":["GET"]}}],"collection":[{"href":"https:\/\/sextante.ucatolicaluisamigo.edu.co\/index.php?rest_route=\/wp\/v2\/posts"}],"about":[{"href":"https:\/\/sextante.ucatolicaluisamigo.edu.co\/index.php?rest_route=\/wp\/v2\/types\/post"}],"author":[{"embeddable":true,"href":"https:\/\/sextante.ucatolicaluisamigo.edu.co\/index.php?rest_route=\/wp\/v2\/users\/6"}],"replies":[{"embeddable":true,"href":"https:\/\/sextante.ucatolicaluisamigo.edu.co\/index.php?rest_route=%2Fwp%2Fv2%2Fcomments&post=23343"}],"version-history":[{"count":4,"href":"https:\/\/sextante.ucatolicaluisamigo.edu.co\/index.php?rest_route=\/wp\/v2\/posts\/23343\/revisions"}],"predecessor-version":[{"id":23351,"href":"https:\/\/sextante.ucatolicaluisamigo.edu.co\/index.php?rest_route=\/wp\/v2\/posts\/23343\/revisions\/23351"}],"wp:attachment":[{"href":"https:\/\/sextante.ucatolicaluisamigo.edu.co\/index.php?rest_route=%2Fwp%2Fv2%2Fmedia&parent=23343"}],"wp:term":[{"taxonomy":"category","embeddable":true,"href":"https:\/\/sextante.ucatolicaluisamigo.edu.co\/index.php?rest_route=%2Fwp%2Fv2%2Fcategories&post=23343"},{"taxonomy":"post_tag","embeddable":true,"href":"https:\/\/sextante.ucatolicaluisamigo.edu.co\/index.php?rest_route=%2Fwp%2Fv2%2Ftags&post=23343"}],"curies":[{"name":"wp","href":"https:\/\/api.w.org\/{rel}","templated":true}]}}