{"id":8481,"date":"2023-09-28T14:33:21","date_gmt":"2023-09-28T19:33:21","guid":{"rendered":"https:\/\/sextante.ucatolicaluisamigo.edu.co\/?p=8481"},"modified":"2024-12-12T16:46:52","modified_gmt":"2024-12-12T21:46:52","slug":"el-legado-inmortal-de-fernando-botero-un-iman-para-el-turismo-en-medellin","status":"publish","type":"post","link":"https:\/\/sextante.ucatolicaluisamigo.edu.co\/?p=8481","title":{"rendered":"El legado inmortal de Fernando Botero:\u00a0un im\u00e1n para el turismo en Medell\u00edn"},"content":{"rendered":"\t\t<div data-elementor-type=\"wp-post\" data-elementor-id=\"8481\" class=\"elementor elementor-8481\">\n\t\t\t\t<div class=\"elementor-element elementor-element-9dffcac e-flex e-con-boxed e-con e-parent\" data-id=\"9dffcac\" data-element_type=\"container\">\n\t\t\t\t\t<div class=\"e-con-inner\">\n\t\t\t\t<div class=\"elementor-element elementor-element-36bf223 elementor-widget elementor-widget-heading\" data-id=\"36bf223\" data-element_type=\"widget\" data-widget_type=\"heading.default\">\n\t\t\t\t<div class=\"elementor-widget-container\">\n\t\t\t\t\t<h2 class=\"elementor-heading-title elementor-size-default\">El legado inmortal de Fernando Botero: un im\u00e1n para el turismo en Medell\u00edn<\/h2>\t\t\t\t<\/div>\n\t\t\t\t<\/div>\n\t\t\t\t\t<\/div>\n\t\t\t\t<\/div>\n\t\t<div class=\"elementor-element elementor-element-2949be0 e-flex e-con-boxed e-con e-parent\" data-id=\"2949be0\" data-element_type=\"container\">\n\t\t\t\t\t<div class=\"e-con-inner\">\n\t\t\t\t<div class=\"elementor-element elementor-element-e308c6d elementor-widget elementor-widget-text-editor\" data-id=\"e308c6d\" data-element_type=\"widget\" data-widget_type=\"text-editor.default\">\n\t\t\t\t<div class=\"elementor-widget-container\">\n\t\t\t\t\t\t\t\t\t<p>Por: <a href=\"mailto:valentina.fonnegraca@amigo.edu.co\">Valentina Fonnegra<\/a>, <a href=\"mailto:pamela.riveramo@amigo.edu.co\">Pamela Rivera<\/a>, <a href=\"mailto:mariana.ramirezzu@amigo.edu.co\">Mariana Ram\u00edrez<\/a>, <a href=\"mailto:maria.penagi@amigo.edu.co\">Mar\u00eda Luisa Pe\u00f1a<\/a>, <a href=\"mailto:maria.ruiznc@amigo.edu.co\">Mar\u00eda Antonia Ru\u00edz <\/a>y <a href=\"mailto:mariana.silvava@amigo.edu.co\">Mariana Silva<\/a> (Textos y fotograf\u00edas).<\/p>\t\t\t\t\t\t\t\t<\/div>\n\t\t\t\t<\/div>\n\t\t\t\t\t<\/div>\n\t\t\t\t<\/div>\n\t\t<div class=\"elementor-element elementor-element-4e1f8b7 e-flex e-con-boxed e-con e-parent\" data-id=\"4e1f8b7\" data-element_type=\"container\">\n\t\t\t\t\t<div class=\"e-con-inner\">\n\t\t\t\t<div class=\"elementor-element elementor-element-ef57f7f elementor-widget elementor-widget-text-editor\" data-id=\"ef57f7f\" data-element_type=\"widget\" data-widget_type=\"text-editor.default\">\n\t\t\t\t<div class=\"elementor-widget-container\">\n\t\t\t\t\t\t\t\t\t<p>28, septiembre 2023<\/p>\t\t\t\t\t\t\t\t<\/div>\n\t\t\t\t<\/div>\n\t\t\t\t\t<\/div>\n\t\t\t\t<\/div>\n\t\t<div class=\"elementor-element elementor-element-94cb2f8 e-flex e-con-boxed e-con e-parent\" data-id=\"94cb2f8\" data-element_type=\"container\">\n\t\t\t\t\t<div class=\"e-con-inner\">\n\t\t\t\t<div class=\"elementor-element elementor-element-318d6e7 elementor-widget elementor-widget-text-editor\" data-id=\"318d6e7\" data-element_type=\"widget\" data-widget_type=\"text-editor.default\">\n\t\t\t\t<div class=\"elementor-widget-container\">\n\t\t\t\t\t\t\t\t\t<p><span style=\"font-weight: 400;\">Entre majestuosas monta\u00f1as, se encuentra <\/span><b>Medell\u00edn<\/b><span style=\"font-weight: 400;\">; una ciudad llena de tradici\u00f3n, historia, arte y modernidad. Sus amplias calles reciben a<\/span><b> turistas<\/b><span style=\"font-weight: 400;\"> que, al explorarla, descubren el verdadero valor del <\/span><b>patrimonio escult\u00f3rico y cultural<\/b><span style=\"font-weight: 400;\"> de la urbe, en el cual <\/span><b>Fernando Botero <\/b><span style=\"font-weight: 400;\">tuvo un gran aporte.<\/span><\/p>\t\t\t\t\t\t\t\t<\/div>\n\t\t\t\t<\/div>\n\t\t\t\t\t<\/div>\n\t\t\t\t<\/div>\n\t\t<div class=\"elementor-element elementor-element-b779fe3 e-flex e-con-boxed e-con e-parent\" data-id=\"b779fe3\" data-element_type=\"container\">\n\t\t\t\t\t<div class=\"e-con-inner\">\n\t\t\t\t<div class=\"elementor-element elementor-element-0b7f2fa elementor-widget elementor-widget-text-editor\" data-id=\"0b7f2fa\" data-element_type=\"widget\" data-widget_type=\"text-editor.default\">\n\t\t\t\t<div class=\"elementor-widget-container\">\n\t\t\t\t\t\t\t\t\t<p><b>La Plaza Botero<\/b><span style=\"font-weight: 400;\">, en la cual permanecen veintitr\u00e9s esculturas donadas por el maestro, no es la \u00fanica donde se aposentan las grandes esculturas; al igual se destaca el <\/span><a href=\"https:\/\/museodeantioquia.co\/sitio\/\"><span style=\"font-weight: 400;\">Museo de Antioquia<\/span><\/a><span style=\"font-weight: 400;\">, que fue <\/span><b>el primero en el departamento y el segundo en el pa\u00eds<\/b><span style=\"font-weight: 400;\">. Este museo cuenta con 189 obras de dicho artista, dispuestas en:<\/span><a href=\"https:\/\/museodeantioquia.co\/sitio\/?exposicion=sala-fernando-botero\"> <span style=\"font-weight: 400;\">la sala Botero<\/span><\/a><span style=\"font-weight: 400;\">, la sala Pedrito Botero y la sala de esculturas.<\/span><\/p>\t\t\t\t\t\t\t\t<\/div>\n\t\t\t\t<\/div>\n\t\t\t\t\t<\/div>\n\t\t\t\t<\/div>\n\t\t<div class=\"elementor-element elementor-element-6cb1e1d e-flex e-con-boxed e-con e-parent\" data-id=\"6cb1e1d\" data-element_type=\"container\">\n\t\t\t\t\t<div class=\"e-con-inner\">\n\t\t\t\t<div class=\"elementor-element elementor-element-957c73f elementor-widget elementor-widget-image\" data-id=\"957c73f\" data-element_type=\"widget\" data-widget_type=\"image.default\">\n\t\t\t\t<div class=\"elementor-widget-container\">\n\t\t\t\t\t\t\t\t\t\t\t\t\t\t\t<img fetchpriority=\"high\" decoding=\"async\" width=\"767\" height=\"340\" src=\"https:\/\/sextante.ucatolicaluisamigo.edu.co\/wp-content\/uploads\/2023\/09\/pancarta-gracias-1.jpeg\" class=\"attachment-large size-large wp-image-8493\" alt=\"\" srcset=\"https:\/\/sextante.ucatolicaluisamigo.edu.co\/wp-content\/uploads\/2023\/09\/pancarta-gracias-1.jpeg 767w, https:\/\/sextante.ucatolicaluisamigo.edu.co\/wp-content\/uploads\/2023\/09\/pancarta-gracias-1-300x133.jpeg 300w\" sizes=\"(max-width: 767px) 100vw, 767px\" \/>\t\t\t\t\t\t\t\t\t\t\t\t\t\t\t<\/div>\n\t\t\t\t<\/div>\n\t\t\t\t\t<\/div>\n\t\t\t\t<\/div>\n\t\t<div class=\"elementor-element elementor-element-72f9a69 e-flex e-con-boxed e-con e-parent\" data-id=\"72f9a69\" data-element_type=\"container\">\n\t\t\t\t\t<div class=\"e-con-inner\">\n\t\t\t\t<div class=\"elementor-element elementor-element-115e907 elementor-widget elementor-widget-text-editor\" data-id=\"115e907\" data-element_type=\"widget\" data-widget_type=\"text-editor.default\">\n\t\t\t\t<div class=\"elementor-widget-container\">\n\t\t\t\t\t\t\t\t\t<p><span style=\"font-weight: 400;\">Keren Largo, encargada del punto de informaci\u00f3n tur\u00edstica de la plaza, expresa que \u201c<\/span><b>Botero puso a Medell\u00edn en los ojos del mundo por medio de sus obras de arte<\/b><span style=\"font-weight: 400;\">, esto hace que\u00a0 las personas provenientes de diferentes lugares del mundo se interesen por visitar las esculturas y pinturas que se<\/span> <span style=\"font-weight: 400;\">conservan en el lugar\u201d. Adem\u00e1s, luego de la noticia del fallecimiento del maestro,<\/span><b> tanto locales como turistas han llegado hasta la Plaza Botero para rendirle homenaje<\/b><span style=\"font-weight: 400;\"> y conocer un poco m\u00e1s de su vida y obra.<\/span><\/p>\t\t\t\t\t\t\t\t<\/div>\n\t\t\t\t<\/div>\n\t\t\t\t\t<\/div>\n\t\t\t\t<\/div>\n\t\t<div class=\"elementor-element elementor-element-34538ea e-flex e-con-boxed e-con e-parent\" data-id=\"34538ea\" data-element_type=\"container\">\n\t\t\t\t\t<div class=\"e-con-inner\">\n\t\t\t\t<div class=\"elementor-element elementor-element-7550a80 elementor-widget elementor-widget-text-editor\" data-id=\"7550a80\" data-element_type=\"widget\" data-widget_type=\"text-editor.default\">\n\t\t\t\t<div class=\"elementor-widget-container\">\n\t\t\t\t\t\t\t\t\t<p dir=\"ltr\" style=\"line-height: 1.38; text-align: justify; margin-top: 0pt; margin-bottom: 10pt;\"><span style=\"font-size: 11pt; font-family: Arial,sans-serif; color: #000000; background-color: transparent; font-weight: 400; font-style: normal; font-variant: normal; text-decoration: none; vertical-align: baseline; white-space: pre-wrap;\">Tal es el caso de Mercedes Esteban, turista originaria de Espa\u00f1a, quien acudi\u00f3 el d\u00eda martes al Museo de Antioquia para participar del homenaje y darle un \u00faltimo adi\u00f3s al artista. Considera que las obras de Fernando Botero tienen un estilo muy marcado e identificable, que a su vez es muy\u00a0 diferente al de otros pintores y escultores. Comenta que <\/span><span style=\"font-size: 11pt; font-family: Arial,sans-serif; color: #000000; background-color: transparent; font-weight: bold; font-style: normal; font-variant: normal; text-decoration: none; vertical-align: baseline; white-space: pre-wrap;\">\u201cTodo el mundo ve esto y sabe que es de \u00e9l\u201d.\u00a0<\/span><\/p>\t\t\t\t\t\t\t\t<\/div>\n\t\t\t\t<\/div>\n\t\t\t\t\t<\/div>\n\t\t\t\t<\/div>\n\t\t<div class=\"elementor-element elementor-element-201f1a9 e-flex e-con-boxed e-con e-parent\" data-id=\"201f1a9\" data-element_type=\"container\">\n\t\t\t\t\t<div class=\"e-con-inner\">\n\t\t\t\t<div class=\"elementor-element elementor-element-fcfe51f elementor-arrows-position-inside elementor-pagination-position-outside elementor-widget elementor-widget-image-carousel\" data-id=\"fcfe51f\" data-element_type=\"widget\" data-settings=\"{&quot;navigation&quot;:&quot;both&quot;,&quot;autoplay&quot;:&quot;yes&quot;,&quot;pause_on_hover&quot;:&quot;yes&quot;,&quot;pause_on_interaction&quot;:&quot;yes&quot;,&quot;autoplay_speed&quot;:5000,&quot;infinite&quot;:&quot;yes&quot;,&quot;speed&quot;:500}\" data-widget_type=\"image-carousel.default\">\n\t\t\t\t<div class=\"elementor-widget-container\">\n\t\t\t\t\t\t\t<div class=\"elementor-image-carousel-wrapper swiper\" role=\"region\" aria-roledescription=\"carousel\" aria-label=\"Carrusel de im\u00e1genes\" dir=\"ltr\">\n\t\t\t<div class=\"elementor-image-carousel swiper-wrapper\" aria-live=\"off\">\n\t\t\t\t\t\t\t\t<div class=\"swiper-slide\" role=\"group\" aria-roledescription=\"slide\" aria-label=\"1 of 6\"><figure class=\"swiper-slide-inner\"><img decoding=\"async\" class=\"swiper-slide-image\" src=\"https:\/\/sextante.ucatolicaluisamigo.edu.co\/wp-content\/uploads\/2023\/09\/escultura-1-150x150.jpeg\" alt=\"Tomada por: Mariana Ram\u00edrez\" \/><\/figure><\/div><div class=\"swiper-slide\" role=\"group\" aria-roledescription=\"slide\" aria-label=\"2 of 6\"><figure class=\"swiper-slide-inner\"><img decoding=\"async\" class=\"swiper-slide-image\" src=\"https:\/\/sextante.ucatolicaluisamigo.edu.co\/wp-content\/uploads\/2023\/09\/museo-gracias-botero-150x150.jpeg\" alt=\"Tomada por: Mariana Ram\u00edrez\" \/><\/figure><\/div><div class=\"swiper-slide\" role=\"group\" aria-roledescription=\"slide\" aria-label=\"3 of 6\"><figure class=\"swiper-slide-inner\"><img decoding=\"async\" class=\"swiper-slide-image\" src=\"https:\/\/sextante.ucatolicaluisamigo.edu.co\/wp-content\/uploads\/2023\/09\/WhatsApp-Image-2023-09-28-at-1.58.35-PM-150x150.jpeg\" alt=\"Tomada por: Mariana Ram\u00edrez\" \/><\/figure><\/div><div class=\"swiper-slide\" role=\"group\" aria-roledescription=\"slide\" aria-label=\"4 of 6\"><figure class=\"swiper-slide-inner\"><img decoding=\"async\" class=\"swiper-slide-image\" src=\"https:\/\/sextante.ucatolicaluisamigo.edu.co\/wp-content\/uploads\/2023\/09\/WhatsApp-Image-2023-09-28-at-2.01.32-PM-1-150x150.jpeg\" alt=\"Tomada por: Antonia Ruiz\" \/><\/figure><\/div><div class=\"swiper-slide\" role=\"group\" aria-roledescription=\"slide\" aria-label=\"5 of 6\"><figure class=\"swiper-slide-inner\"><img decoding=\"async\" class=\"swiper-slide-image\" src=\"https:\/\/sextante.ucatolicaluisamigo.edu.co\/wp-content\/uploads\/2023\/09\/plaza-botero-150x150.jpeg\" alt=\"Tomada por: Pamela Rivera\" \/><\/figure><\/div><div class=\"swiper-slide\" role=\"group\" aria-roledescription=\"slide\" aria-label=\"6 of 6\"><figure class=\"swiper-slide-inner\"><img decoding=\"async\" class=\"swiper-slide-image\" src=\"https:\/\/sextante.ucatolicaluisamigo.edu.co\/wp-content\/uploads\/2023\/09\/foto-senor-150x150.jpeg\" alt=\"Tomada por: Mar\u00eda Luisa Pe\u00f1a\" \/><\/figure><\/div>\t\t\t<\/div>\n\t\t\t\t\t\t\t\t\t\t\t\t<div class=\"elementor-swiper-button elementor-swiper-button-prev\" role=\"button\" tabindex=\"0\">\n\t\t\t\t\t\t<svg aria-hidden=\"true\" class=\"e-font-icon-svg e-eicon-chevron-left\" viewBox=\"0 0 1000 1000\" xmlns=\"http:\/\/www.w3.org\/2000\/svg\"><path d=\"M646 125C629 125 613 133 604 142L308 442C296 454 292 471 292 487 292 504 296 521 308 533L604 854C617 867 629 875 646 875 663 875 679 871 692 858 704 846 713 829 713 812 713 796 708 779 692 767L438 487 692 225C700 217 708 204 708 187 708 171 704 154 692 142 675 129 663 125 646 125Z\"><\/path><\/svg>\t\t\t\t\t<\/div>\n\t\t\t\t\t<div class=\"elementor-swiper-button elementor-swiper-button-next\" role=\"button\" tabindex=\"0\">\n\t\t\t\t\t\t<svg aria-hidden=\"true\" class=\"e-font-icon-svg e-eicon-chevron-right\" viewBox=\"0 0 1000 1000\" xmlns=\"http:\/\/www.w3.org\/2000\/svg\"><path d=\"M696 533C708 521 713 504 713 487 713 471 708 454 696 446L400 146C388 133 375 125 354 125 338 125 325 129 313 142 300 154 292 171 292 187 292 204 296 221 308 233L563 492 304 771C292 783 288 800 288 817 288 833 296 850 308 863 321 871 338 875 354 875 371 875 388 867 400 854L696 533Z\"><\/path><\/svg>\t\t\t\t\t<\/div>\n\t\t\t\t\n\t\t\t\t\t\t\t\t\t<div class=\"swiper-pagination\"><\/div>\n\t\t\t\t\t\t\t\t\t<\/div>\n\t\t\t\t\t\t<\/div>\n\t\t\t\t<\/div>\n\t\t\t\t\t<\/div>\n\t\t\t\t<\/div>\n\t\t<div class=\"elementor-element elementor-element-e3842f9 e-flex e-con-boxed e-con e-parent\" data-id=\"e3842f9\" data-element_type=\"container\">\n\t\t\t\t\t<div class=\"e-con-inner\">\n\t\t\t\t<div class=\"elementor-element elementor-element-cc33dd3 elementor-widget elementor-widget-text-editor\" data-id=\"cc33dd3\" data-element_type=\"widget\" data-widget_type=\"text-editor.default\">\n\t\t\t\t<div class=\"elementor-widget-container\">\n\t\t\t\t\t\t\t\t\t<p><span style=\"font-weight: 400;\">El legado de Botero no conoce fronteras, \u201c<\/span><b>El colombiano universal\u201d<\/b><span style=\"font-weight: 400;\"> deja una huella imborrable en la vida art\u00edstica <\/span><b>no solo de Colombia, tambi\u00e9n marca diferentes partes del mundo<\/b><span style=\"font-weight: 400;\">. Sus esculturas derrochan gran volumen, sensualidad y reconocimiento de la cultura colombiana, atrayendo la atenci\u00f3n de visitantes de todos los rincones del mundo.\u00a0\u00a0\u00a0\u00a0\u00a0\u00a0\u00a0\u00a0\u00a0\u00a0\u00a0\u00a0\u00a0\u00a0\u00a0\u00a0\u00a0\u00a0\u00a0\u00a0\u00a0\u00a0\u00a0\u00a0\u00a0<\/span><\/p>\t\t\t\t\t\t\t\t<\/div>\n\t\t\t\t<\/div>\n\t\t\t\t\t<\/div>\n\t\t\t\t<\/div>\n\t\t<div class=\"elementor-element elementor-element-eaa0798 e-flex e-con-boxed e-con e-parent\" data-id=\"eaa0798\" data-element_type=\"container\">\n\t\t\t\t\t<div class=\"e-con-inner\">\n\t\t\t\t<div class=\"elementor-element elementor-element-e5c7818 elementor-widget elementor-widget-text-editor\" data-id=\"e5c7818\" data-element_type=\"widget\" data-widget_type=\"text-editor.default\">\n\t\t\t\t<div class=\"elementor-widget-container\">\n\t\t\t\t\t\t\t\t\t<p><span style=\"font-weight: 400;\">La Plaza Botero experimenta en la actualidad un crecimiento significativo en popularidad, y la ciudad est\u00e1 dejando atr\u00e1s poco a poco su historia de violencia, narcotr\u00e1fico y prostituci\u00f3n. Con la implementaci\u00f3n del\u00a0 <\/span><a href=\"https:\/\/telemedellin.tv\/abrazo-plaza-botero-18-millones-visitantes\/654555\/\"><span style=\"font-weight: 400;\">\u201cAbrazo a Botero\u201d<\/span><\/a><span style=\"font-weight: 400;\">, se <\/span><span style=\"font-weight: 400;\">fomenta la participaci\u00f3n de los habitantes del entorno, la apropiaci\u00f3n de espacios, la convivencia y la transformaci\u00f3n social, con el objetivo de sensibilizar a la ciudadan\u00eda frente a la protecci\u00f3n y el disfrute de las esculturas del maestro Fernando Botero.<\/span><\/p>\t\t\t\t\t\t\t\t<\/div>\n\t\t\t\t<\/div>\n\t\t\t\t\t<\/div>\n\t\t\t\t<\/div>\n\t\t<div class=\"elementor-element elementor-element-500544b e-flex e-con-boxed e-con e-parent\" data-id=\"500544b\" data-element_type=\"container\">\n\t\t\t\t\t<div class=\"e-con-inner\">\n\t\t\t\t<div class=\"elementor-element elementor-element-0448c96 elementor-widget elementor-widget-image\" data-id=\"0448c96\" data-element_type=\"widget\" data-widget_type=\"image.default\">\n\t\t\t\t<div class=\"elementor-widget-container\">\n\t\t\t\t\t\t\t\t\t\t\t\t\t\t\t<img decoding=\"async\" width=\"768\" height=\"1024\" src=\"https:\/\/sextante.ucatolicaluisamigo.edu.co\/wp-content\/uploads\/2023\/09\/WhatsApp-Image-2023-09-28-at-2.05.21-PM-768x1024.jpeg\" class=\"attachment-large size-large wp-image-8502\" alt=\"\" srcset=\"https:\/\/sextante.ucatolicaluisamigo.edu.co\/wp-content\/uploads\/2023\/09\/WhatsApp-Image-2023-09-28-at-2.05.21-PM-768x1024.jpeg 768w, https:\/\/sextante.ucatolicaluisamigo.edu.co\/wp-content\/uploads\/2023\/09\/WhatsApp-Image-2023-09-28-at-2.05.21-PM-225x300.jpeg 225w, https:\/\/sextante.ucatolicaluisamigo.edu.co\/wp-content\/uploads\/2023\/09\/WhatsApp-Image-2023-09-28-at-2.05.21-PM-600x800.jpeg 600w, https:\/\/sextante.ucatolicaluisamigo.edu.co\/wp-content\/uploads\/2023\/09\/WhatsApp-Image-2023-09-28-at-2.05.21-PM.jpeg 960w\" sizes=\"(max-width: 768px) 100vw, 768px\" \/>\t\t\t\t\t\t\t\t\t\t\t\t\t\t\t<\/div>\n\t\t\t\t<\/div>\n\t\t\t\t\t<\/div>\n\t\t\t\t<\/div>\n\t\t<div class=\"elementor-element elementor-element-4dbbdb6 e-flex e-con-boxed e-con e-parent\" data-id=\"4dbbdb6\" data-element_type=\"container\">\n\t\t\t\t\t<div class=\"e-con-inner\">\n\t\t\t\t<div class=\"elementor-element elementor-element-e2b7b78 elementor-widget elementor-widget-text-editor\" data-id=\"e2b7b78\" data-element_type=\"widget\" data-widget_type=\"text-editor.default\">\n\t\t\t\t<div class=\"elementor-widget-container\">\n\t\t\t\t\t\t\t\t\t<p><span style=\"font-weight: 400;\">Asimismo, se est\u00e1 comenzando a desarrollar una organizaci\u00f3n m\u00e1s eficiente de los <\/span><b>espacios p\u00fablicos<\/b><span style=\"font-weight: 400;\">, incluyendo las \u00e1reas m\u00e1s desfavorecidas. Este proceso no solo se trata de <\/span><b>preservar la memoria<\/b><span style=\"font-weight: 400;\">, sino tambi\u00e9n de fomentar el crecimiento y el progreso en t\u00e9rminos de la percepci\u00f3n adecuada del territorio. Gracias a la estrategia, la plaza ahora recibe m\u00e1s de <\/span><b>35,000 visitantes<\/b><span style=\"font-weight: 400;\"> diariamente, seg\u00fan la p\u00e1gina web de la Alcald\u00eda de Medell\u00edn. Este proceso ha transformado f\u00edsicamente el espacio.<\/span><\/p>\t\t\t\t\t\t\t\t<\/div>\n\t\t\t\t<\/div>\n\t\t<div class=\"elementor-element elementor-element-80a6ddd e-flex e-con-boxed e-con e-child\" data-id=\"80a6ddd\" data-element_type=\"container\">\n\t\t\t\t\t<div class=\"e-con-inner\">\n\t\t\t\t<div class=\"elementor-element elementor-element-0dbf79f elementor-widget elementor-widget-text-editor\" data-id=\"0dbf79f\" data-element_type=\"widget\" data-widget_type=\"text-editor.default\">\n\t\t\t\t<div class=\"elementor-widget-container\">\n\t\t\t\t\t\t\t\t\t<p>Alberto D\u00e1vila, gu\u00eda tur\u00edstico de la Plaza Botero, habla desde la voz de los comerciantes y sus vivencias durante el homenaje a Botero:<\/p>\t\t\t\t\t\t\t\t<\/div>\n\t\t\t\t<\/div>\n\t\t\t\t\t<\/div>\n\t\t\t\t<\/div>\n\t\t\t\t\t<\/div>\n\t\t\t\t<\/div>\n\t\t<div class=\"elementor-element elementor-element-fdaec05 e-flex e-con-boxed e-con e-parent\" data-id=\"fdaec05\" data-element_type=\"container\">\n\t\t\t\t\t<div class=\"e-con-inner\">\n\t\t\t\t<div class=\"elementor-element elementor-element-7d949a4 elementor-widget elementor-widget-audio\" data-id=\"7d949a4\" data-element_type=\"widget\" data-widget_type=\"audio.default\">\n\t\t\t\t<div class=\"elementor-widget-container\">\n\t\t\t\t\t\t\t\t<div class=\"elementor-soundcloud-wrapper\">\n\t\t\t\t<iframe width=\"1520\" height=\"200\" frameborder=\"no\" src=\"https:\/\/w.soundcloud.com\/player\/?visual=false&url=https%3A%2F%2Fapi.soundcloud.com%2Ftracks%2F1627825047&show_artwork=true&maxheight=1000&maxwidth=1520&auto_play=false&buying=true&liking=true&download=true&sharing=true&show_comments=true&show_playcount=true&show_user=true&color\"><\/iframe>\t\t\t<\/div>\n\t\t\t\t\t\t\t<\/div>\n\t\t\t\t<\/div>\n\t\t\t\t\t<\/div>\n\t\t\t\t<\/div>\n\t\t<div class=\"elementor-element elementor-element-9870e43 e-flex e-con-boxed e-con e-parent\" data-id=\"9870e43\" data-element_type=\"container\">\n\t\t\t\t\t<div class=\"e-con-inner\">\n\t\t\t\t<div class=\"elementor-element elementor-element-35c243a elementor-widget elementor-widget-text-editor\" data-id=\"35c243a\" data-element_type=\"widget\" data-widget_type=\"text-editor.default\">\n\t\t\t\t<div class=\"elementor-widget-container\">\n\t\t\t\t\t\t\t\t\t<p><span style=\"font-weight: 400;\">\u201cEl pintor siempre ha generado dinamismo por sus esculturas, y los tours sin duda,<\/span><b> tienen su paso obligatorio por aqu\u00ed, en la plaza<\/b><span style=\"font-weight: 400;\">\u201d dijo Fabi\u00e1n Alberto Zapata, vendedor de artesan\u00edas. \u201cRep\u00fablica Dominicana, Puerto Rico, M\u00e9xico y Espa\u00f1a son algunos de los pa\u00edses con mayor presencia de visitantes, y muestran un gran inter\u00e9s en el trabajo local que se realiza con las obras de Botero\u201d, a\u00f1adi\u00f3 el comerciante.<\/span><\/p>\t\t\t\t\t\t\t\t<\/div>\n\t\t\t\t<\/div>\n\t\t\t\t\t<\/div>\n\t\t\t\t<\/div>\n\t\t<div class=\"elementor-element elementor-element-3f42992 e-flex e-con-boxed e-con e-parent\" data-id=\"3f42992\" data-element_type=\"container\">\n\t\t\t\t\t<div class=\"e-con-inner\">\n\t\t\t\t<div class=\"elementor-element elementor-element-8a88d90 elementor-widget elementor-widget-text-editor\" data-id=\"8a88d90\" data-element_type=\"widget\" data-widget_type=\"text-editor.default\">\n\t\t\t\t<div class=\"elementor-widget-container\">\n\t\t\t\t\t\t\t\t\t<p><span style=\"font-weight: 400;\"><strong>El impacto de Fernando Botero en el turismo<\/strong> de Medell\u00edn es <\/span>innegable<strong>, <\/strong>y su legado <span style=\"font-weight: 400;\">perdurar\u00e1 en la memoria de los extranjeros que visitan esta ciudad que combina la tradici\u00f3n con la modernidad en un escenario de arte y cultura.\u00a0\u00a0<\/span><\/p>\t\t\t\t\t\t\t\t<\/div>\n\t\t\t\t<\/div>\n\t\t\t\t\t<\/div>\n\t\t\t\t<\/div>\n\t\t<div class=\"elementor-element elementor-element-befe8ae e-con-full e-flex e-con e-parent\" data-id=\"befe8ae\" data-element_type=\"container\">\n\t\t\t\t<div class=\"elementor-element elementor-element-36a4eaf elementor-widget elementor-widget-html\" data-id=\"36a4eaf\" data-element_type=\"widget\" data-widget_type=\"html.default\">\n\t\t\t\t<div class=\"elementor-widget-container\">\n\t\t\t\t\t<blockquote class=\"twitter-tweet\"><p lang=\"es\" dir=\"ltr\">\u00a1<a href=\"https:\/\/twitter.com\/hashtag\/GraciasBotero?src=hash&ref_src=twsrc%5Etfw\">#GraciasBotero<\/a>!\ud83d\udd4a\ufe0f<br><br>Que su creatividad siga pintando el universo art\u00edstico que solo \u00e9l pod\u00eda imaginar. Ha muerto el pincel; pero vive el artista y su obra. <br><br>Buen viaje, Maestro. \ud83d\udc9a <a href=\"https:\/\/t.co\/yBVqRchDF1\">pic.twitter.com\/yBVqRchDF1<\/a><\/p>\u2014 Gobernaci\u00f3n de Antioquia (@GobAntioquia) <a href=\"https:\/\/twitter.com\/GobAntioquia\/status\/1707470820942008706?ref_src=twsrc%5Etfw\">September 28, 2023<\/a><\/blockquote> <script async src=\"https:\/\/platform.twitter.com\/widgets.js\" charset=\"utf-8\"><\/script>\t\t\t\t<\/div>\n\t\t\t\t<\/div>\n\t\t\t\t<\/div>\n\t\t\t\t<\/div>\n\t\t","protected":false},"excerpt":{"rendered":"<p>El legado inmortal de Fernando Botero: un im\u00e1n para el turismo en Medell\u00edn Por: Valentina Fonnegra, Pamela Rivera, Mariana Ram\u00edrez, Mar\u00eda Luisa Pe\u00f1a, Mar\u00eda Antonia Ru\u00edz y Mariana Silva (Textos y fotograf\u00edas). 28, septiembre 2023 Entre majestuosas monta\u00f1as, se encuentra Medell\u00edn; una ciudad llena de tradici\u00f3n, historia, arte y modernidad. Sus amplias calles reciben a&#8230;<\/p>\n","protected":false},"author":4,"featured_media":8493,"comment_status":"open","ping_status":"closed","sticky":false,"template":"","format":"standard","meta":{"footnotes":""},"categories":[1369,751],"tags":[822,824,175,825,519],"class_list":["post-8481","post","type-post","status-publish","format-standard","has-post-thumbnail","hentry","category-ciudad","category-cultura","tag-fernandobotero","tag-graciasbotero","tag-medellin","tag-plazabotero","tag-turismo"],"yoast_head":"<!-- This site is optimized with the Yoast SEO plugin v26.4 - https:\/\/yoast.com\/wordpress\/plugins\/seo\/ -->\n<title>El legado inmortal de Fernando Botero:\u00a0un im\u00e1n para el turismo en Medell\u00edn - Sextante Digital<\/title>\n<meta name=\"robots\" content=\"index, follow, max-snippet:-1, max-image-preview:large, max-video-preview:-1\" \/>\n<link rel=\"canonical\" href=\"https:\/\/sextante.ucatolicaluisamigo.edu.co\/?p=8481\" \/>\n<meta property=\"og:locale\" content=\"es_ES\" \/>\n<meta property=\"og:type\" content=\"article\" \/>\n<meta property=\"og:title\" content=\"El legado inmortal de Fernando Botero:\u00a0un im\u00e1n para el turismo en Medell\u00edn - Sextante Digital\" \/>\n<meta property=\"og:description\" content=\"El legado inmortal de Fernando Botero: un im\u00e1n para el turismo en Medell\u00edn Por: Valentina Fonnegra, Pamela Rivera, Mariana Ram\u00edrez, Mar\u00eda Luisa Pe\u00f1a, Mar\u00eda Antonia Ru\u00edz y Mariana Silva (Textos y fotograf\u00edas). 28, septiembre 2023 Entre majestuosas monta\u00f1as, se encuentra Medell\u00edn; una ciudad llena de tradici\u00f3n, historia, arte y modernidad. Sus amplias calles reciben a...\" \/>\n<meta property=\"og:url\" content=\"https:\/\/sextante.ucatolicaluisamigo.edu.co\/?p=8481\" \/>\n<meta property=\"og:site_name\" content=\"Sextante Digital\" \/>\n<meta property=\"article:published_time\" content=\"2023-09-28T19:33:21+00:00\" \/>\n<meta property=\"article:modified_time\" content=\"2024-12-12T21:46:52+00:00\" \/>\n<meta property=\"og:image\" content=\"https:\/\/sextante.ucatolicaluisamigo.edu.co\/wp-content\/uploads\/2023\/09\/pancarta-gracias-1.jpeg\" \/>\n\t<meta property=\"og:image:width\" content=\"767\" \/>\n\t<meta property=\"og:image:height\" content=\"340\" \/>\n\t<meta property=\"og:image:type\" content=\"image\/jpeg\" \/>\n<meta name=\"author\" content=\"p.sextante\" \/>\n<meta name=\"twitter:card\" content=\"summary_large_image\" \/>\n<meta name=\"twitter:label1\" content=\"Escrito por\" \/>\n\t<meta name=\"twitter:data1\" content=\"p.sextante\" \/>\n\t<meta name=\"twitter:label2\" content=\"Tiempo de lectura\" \/>\n\t<meta name=\"twitter:data2\" content=\"4 minutos\" \/>\n<script type=\"application\/ld+json\" class=\"yoast-schema-graph\">{\"@context\":\"https:\/\/schema.org\",\"@graph\":[{\"@type\":\"Article\",\"@id\":\"https:\/\/sextante.ucatolicaluisamigo.edu.co\/?p=8481#article\",\"isPartOf\":{\"@id\":\"https:\/\/sextante.ucatolicaluisamigo.edu.co\/?p=8481\"},\"author\":{\"name\":\"p.sextante\",\"@id\":\"https:\/\/sextante.ucatolicaluisamigo.edu.co\/#\/schema\/person\/5e85d03ab615e04ad1faf39d51f037a1\"},\"headline\":\"El legado inmortal de Fernando Botero:\u00a0un im\u00e1n para el turismo en Medell\u00edn\",\"datePublished\":\"2023-09-28T19:33:21+00:00\",\"dateModified\":\"2024-12-12T21:46:52+00:00\",\"mainEntityOfPage\":{\"@id\":\"https:\/\/sextante.ucatolicaluisamigo.edu.co\/?p=8481\"},\"wordCount\":748,\"commentCount\":0,\"publisher\":{\"@id\":\"https:\/\/sextante.ucatolicaluisamigo.edu.co\/#organization\"},\"image\":{\"@id\":\"https:\/\/sextante.ucatolicaluisamigo.edu.co\/?p=8481#primaryimage\"},\"thumbnailUrl\":\"https:\/\/sextante.ucatolicaluisamigo.edu.co\/wp-content\/uploads\/2023\/09\/pancarta-gracias-1.jpeg\",\"keywords\":[\"FernandoBotero\",\"GraciasBotero\",\"Medell\u00edn\",\"PlazaBotero\",\"Turismo\"],\"articleSection\":[\"Ciudad\",\"Cultura\"],\"inLanguage\":\"es-CO\",\"potentialAction\":[{\"@type\":\"CommentAction\",\"name\":\"Comment\",\"target\":[\"https:\/\/sextante.ucatolicaluisamigo.edu.co\/?p=8481#respond\"]}]},{\"@type\":\"WebPage\",\"@id\":\"https:\/\/sextante.ucatolicaluisamigo.edu.co\/?p=8481\",\"url\":\"https:\/\/sextante.ucatolicaluisamigo.edu.co\/?p=8481\",\"name\":\"El legado inmortal de Fernando Botero:\u00a0un im\u00e1n para el turismo en Medell\u00edn - Sextante Digital\",\"isPartOf\":{\"@id\":\"https:\/\/sextante.ucatolicaluisamigo.edu.co\/#website\"},\"primaryImageOfPage\":{\"@id\":\"https:\/\/sextante.ucatolicaluisamigo.edu.co\/?p=8481#primaryimage\"},\"image\":{\"@id\":\"https:\/\/sextante.ucatolicaluisamigo.edu.co\/?p=8481#primaryimage\"},\"thumbnailUrl\":\"https:\/\/sextante.ucatolicaluisamigo.edu.co\/wp-content\/uploads\/2023\/09\/pancarta-gracias-1.jpeg\",\"datePublished\":\"2023-09-28T19:33:21+00:00\",\"dateModified\":\"2024-12-12T21:46:52+00:00\",\"breadcrumb\":{\"@id\":\"https:\/\/sextante.ucatolicaluisamigo.edu.co\/?p=8481#breadcrumb\"},\"inLanguage\":\"es-CO\",\"potentialAction\":[{\"@type\":\"ReadAction\",\"target\":[\"https:\/\/sextante.ucatolicaluisamigo.edu.co\/?p=8481\"]}]},{\"@type\":\"ImageObject\",\"inLanguage\":\"es-CO\",\"@id\":\"https:\/\/sextante.ucatolicaluisamigo.edu.co\/?p=8481#primaryimage\",\"url\":\"https:\/\/sextante.ucatolicaluisamigo.edu.co\/wp-content\/uploads\/2023\/09\/pancarta-gracias-1.jpeg\",\"contentUrl\":\"https:\/\/sextante.ucatolicaluisamigo.edu.co\/wp-content\/uploads\/2023\/09\/pancarta-gracias-1.jpeg\",\"width\":767,\"height\":340},{\"@type\":\"BreadcrumbList\",\"@id\":\"https:\/\/sextante.ucatolicaluisamigo.edu.co\/?p=8481#breadcrumb\",\"itemListElement\":[{\"@type\":\"ListItem\",\"position\":1,\"name\":\"Inicio\",\"item\":\"https:\/\/sextante.ucatolicaluisamigo.edu.co\/\"},{\"@type\":\"ListItem\",\"position\":2,\"name\":\"El legado inmortal de Fernando Botero:\u00a0un im\u00e1n para el turismo en Medell\u00edn\"}]},{\"@type\":\"WebSite\",\"@id\":\"https:\/\/sextante.ucatolicaluisamigo.edu.co\/#website\",\"url\":\"https:\/\/sextante.ucatolicaluisamigo.edu.co\/\",\"name\":\"Sextante Digital\",\"description\":\"ISSN: en tr\u00e1mite\",\"publisher\":{\"@id\":\"https:\/\/sextante.ucatolicaluisamigo.edu.co\/#organization\"},\"potentialAction\":[{\"@type\":\"SearchAction\",\"target\":{\"@type\":\"EntryPoint\",\"urlTemplate\":\"https:\/\/sextante.ucatolicaluisamigo.edu.co\/?s={search_term_string}\"},\"query-input\":{\"@type\":\"PropertyValueSpecification\",\"valueRequired\":true,\"valueName\":\"search_term_string\"}}],\"inLanguage\":\"es-CO\"},{\"@type\":\"Organization\",\"@id\":\"https:\/\/sextante.ucatolicaluisamigo.edu.co\/#organization\",\"name\":\"Sextante Digital\",\"url\":\"https:\/\/sextante.ucatolicaluisamigo.edu.co\/\",\"logo\":{\"@type\":\"ImageObject\",\"inLanguage\":\"es-CO\",\"@id\":\"https:\/\/sextante.ucatolicaluisamigo.edu.co\/#\/schema\/logo\/image\/\",\"url\":\"\",\"contentUrl\":\"\",\"caption\":\"Sextante Digital\"},\"image\":{\"@id\":\"https:\/\/sextante.ucatolicaluisamigo.edu.co\/#\/schema\/logo\/image\/\"}},{\"@type\":\"Person\",\"@id\":\"https:\/\/sextante.ucatolicaluisamigo.edu.co\/#\/schema\/person\/5e85d03ab615e04ad1faf39d51f037a1\",\"name\":\"p.sextante\",\"url\":\"https:\/\/sextante.ucatolicaluisamigo.edu.co\/?author=4\"}]}<\/script>\n<!-- \/ Yoast SEO plugin. -->","yoast_head_json":{"title":"El legado inmortal de Fernando Botero:\u00a0un im\u00e1n para el turismo en Medell\u00edn - Sextante Digital","robots":{"index":"index","follow":"follow","max-snippet":"max-snippet:-1","max-image-preview":"max-image-preview:large","max-video-preview":"max-video-preview:-1"},"canonical":"https:\/\/sextante.ucatolicaluisamigo.edu.co\/?p=8481","og_locale":"es_ES","og_type":"article","og_title":"El legado inmortal de Fernando Botero:\u00a0un im\u00e1n para el turismo en Medell\u00edn - Sextante Digital","og_description":"El legado inmortal de Fernando Botero: un im\u00e1n para el turismo en Medell\u00edn Por: Valentina Fonnegra, Pamela Rivera, Mariana Ram\u00edrez, Mar\u00eda Luisa Pe\u00f1a, Mar\u00eda Antonia Ru\u00edz y Mariana Silva (Textos y fotograf\u00edas). 28, septiembre 2023 Entre majestuosas monta\u00f1as, se encuentra Medell\u00edn; una ciudad llena de tradici\u00f3n, historia, arte y modernidad. Sus amplias calles reciben a...","og_url":"https:\/\/sextante.ucatolicaluisamigo.edu.co\/?p=8481","og_site_name":"Sextante Digital","article_published_time":"2023-09-28T19:33:21+00:00","article_modified_time":"2024-12-12T21:46:52+00:00","og_image":[{"width":767,"height":340,"url":"https:\/\/sextante.ucatolicaluisamigo.edu.co\/wp-content\/uploads\/2023\/09\/pancarta-gracias-1.jpeg","type":"image\/jpeg"}],"author":"p.sextante","twitter_card":"summary_large_image","twitter_misc":{"Escrito por":"p.sextante","Tiempo de lectura":"4 minutos"},"schema":{"@context":"https:\/\/schema.org","@graph":[{"@type":"Article","@id":"https:\/\/sextante.ucatolicaluisamigo.edu.co\/?p=8481#article","isPartOf":{"@id":"https:\/\/sextante.ucatolicaluisamigo.edu.co\/?p=8481"},"author":{"name":"p.sextante","@id":"https:\/\/sextante.ucatolicaluisamigo.edu.co\/#\/schema\/person\/5e85d03ab615e04ad1faf39d51f037a1"},"headline":"El legado inmortal de Fernando Botero:\u00a0un im\u00e1n para el turismo en Medell\u00edn","datePublished":"2023-09-28T19:33:21+00:00","dateModified":"2024-12-12T21:46:52+00:00","mainEntityOfPage":{"@id":"https:\/\/sextante.ucatolicaluisamigo.edu.co\/?p=8481"},"wordCount":748,"commentCount":0,"publisher":{"@id":"https:\/\/sextante.ucatolicaluisamigo.edu.co\/#organization"},"image":{"@id":"https:\/\/sextante.ucatolicaluisamigo.edu.co\/?p=8481#primaryimage"},"thumbnailUrl":"https:\/\/sextante.ucatolicaluisamigo.edu.co\/wp-content\/uploads\/2023\/09\/pancarta-gracias-1.jpeg","keywords":["FernandoBotero","GraciasBotero","Medell\u00edn","PlazaBotero","Turismo"],"articleSection":["Ciudad","Cultura"],"inLanguage":"es-CO","potentialAction":[{"@type":"CommentAction","name":"Comment","target":["https:\/\/sextante.ucatolicaluisamigo.edu.co\/?p=8481#respond"]}]},{"@type":"WebPage","@id":"https:\/\/sextante.ucatolicaluisamigo.edu.co\/?p=8481","url":"https:\/\/sextante.ucatolicaluisamigo.edu.co\/?p=8481","name":"El legado inmortal de Fernando Botero:\u00a0un im\u00e1n para el turismo en Medell\u00edn - Sextante Digital","isPartOf":{"@id":"https:\/\/sextante.ucatolicaluisamigo.edu.co\/#website"},"primaryImageOfPage":{"@id":"https:\/\/sextante.ucatolicaluisamigo.edu.co\/?p=8481#primaryimage"},"image":{"@id":"https:\/\/sextante.ucatolicaluisamigo.edu.co\/?p=8481#primaryimage"},"thumbnailUrl":"https:\/\/sextante.ucatolicaluisamigo.edu.co\/wp-content\/uploads\/2023\/09\/pancarta-gracias-1.jpeg","datePublished":"2023-09-28T19:33:21+00:00","dateModified":"2024-12-12T21:46:52+00:00","breadcrumb":{"@id":"https:\/\/sextante.ucatolicaluisamigo.edu.co\/?p=8481#breadcrumb"},"inLanguage":"es-CO","potentialAction":[{"@type":"ReadAction","target":["https:\/\/sextante.ucatolicaluisamigo.edu.co\/?p=8481"]}]},{"@type":"ImageObject","inLanguage":"es-CO","@id":"https:\/\/sextante.ucatolicaluisamigo.edu.co\/?p=8481#primaryimage","url":"https:\/\/sextante.ucatolicaluisamigo.edu.co\/wp-content\/uploads\/2023\/09\/pancarta-gracias-1.jpeg","contentUrl":"https:\/\/sextante.ucatolicaluisamigo.edu.co\/wp-content\/uploads\/2023\/09\/pancarta-gracias-1.jpeg","width":767,"height":340},{"@type":"BreadcrumbList","@id":"https:\/\/sextante.ucatolicaluisamigo.edu.co\/?p=8481#breadcrumb","itemListElement":[{"@type":"ListItem","position":1,"name":"Inicio","item":"https:\/\/sextante.ucatolicaluisamigo.edu.co\/"},{"@type":"ListItem","position":2,"name":"El legado inmortal de Fernando Botero:\u00a0un im\u00e1n para el turismo en Medell\u00edn"}]},{"@type":"WebSite","@id":"https:\/\/sextante.ucatolicaluisamigo.edu.co\/#website","url":"https:\/\/sextante.ucatolicaluisamigo.edu.co\/","name":"Sextante Digital","description":"ISSN: en tr\u00e1mite","publisher":{"@id":"https:\/\/sextante.ucatolicaluisamigo.edu.co\/#organization"},"potentialAction":[{"@type":"SearchAction","target":{"@type":"EntryPoint","urlTemplate":"https:\/\/sextante.ucatolicaluisamigo.edu.co\/?s={search_term_string}"},"query-input":{"@type":"PropertyValueSpecification","valueRequired":true,"valueName":"search_term_string"}}],"inLanguage":"es-CO"},{"@type":"Organization","@id":"https:\/\/sextante.ucatolicaluisamigo.edu.co\/#organization","name":"Sextante Digital","url":"https:\/\/sextante.ucatolicaluisamigo.edu.co\/","logo":{"@type":"ImageObject","inLanguage":"es-CO","@id":"https:\/\/sextante.ucatolicaluisamigo.edu.co\/#\/schema\/logo\/image\/","url":"","contentUrl":"","caption":"Sextante Digital"},"image":{"@id":"https:\/\/sextante.ucatolicaluisamigo.edu.co\/#\/schema\/logo\/image\/"}},{"@type":"Person","@id":"https:\/\/sextante.ucatolicaluisamigo.edu.co\/#\/schema\/person\/5e85d03ab615e04ad1faf39d51f037a1","name":"p.sextante","url":"https:\/\/sextante.ucatolicaluisamigo.edu.co\/?author=4"}]}},"_links":{"self":[{"href":"https:\/\/sextante.ucatolicaluisamigo.edu.co\/index.php?rest_route=\/wp\/v2\/posts\/8481","targetHints":{"allow":["GET"]}}],"collection":[{"href":"https:\/\/sextante.ucatolicaluisamigo.edu.co\/index.php?rest_route=\/wp\/v2\/posts"}],"about":[{"href":"https:\/\/sextante.ucatolicaluisamigo.edu.co\/index.php?rest_route=\/wp\/v2\/types\/post"}],"author":[{"embeddable":true,"href":"https:\/\/sextante.ucatolicaluisamigo.edu.co\/index.php?rest_route=\/wp\/v2\/users\/4"}],"replies":[{"embeddable":true,"href":"https:\/\/sextante.ucatolicaluisamigo.edu.co\/index.php?rest_route=%2Fwp%2Fv2%2Fcomments&post=8481"}],"version-history":[{"count":13,"href":"https:\/\/sextante.ucatolicaluisamigo.edu.co\/index.php?rest_route=\/wp\/v2\/posts\/8481\/revisions"}],"predecessor-version":[{"id":18787,"href":"https:\/\/sextante.ucatolicaluisamigo.edu.co\/index.php?rest_route=\/wp\/v2\/posts\/8481\/revisions\/18787"}],"wp:featuredmedia":[{"embeddable":true,"href":"https:\/\/sextante.ucatolicaluisamigo.edu.co\/index.php?rest_route=\/wp\/v2\/media\/8493"}],"wp:attachment":[{"href":"https:\/\/sextante.ucatolicaluisamigo.edu.co\/index.php?rest_route=%2Fwp%2Fv2%2Fmedia&parent=8481"}],"wp:term":[{"taxonomy":"category","embeddable":true,"href":"https:\/\/sextante.ucatolicaluisamigo.edu.co\/index.php?rest_route=%2Fwp%2Fv2%2Fcategories&post=8481"},{"taxonomy":"post_tag","embeddable":true,"href":"https:\/\/sextante.ucatolicaluisamigo.edu.co\/index.php?rest_route=%2Fwp%2Fv2%2Ftags&post=8481"}],"curies":[{"name":"wp","href":"https:\/\/api.w.org\/{rel}","templated":true}]}}